
{"id":22039,"date":"2013-04-06T07:20:27","date_gmt":"2013-04-06T07:20:27","guid":{"rendered":"https:\/\/ujkafe.website\/?p=22039"},"modified":"2013-04-06T07:20:52","modified_gmt":"2013-04-06T07:20:52","slug":"egy-villa-pityoka","status":"publish","type":"post","link":"https:\/\/ujkafe.website\/?p=22039","title":{"rendered":"Egy villa pity\u00f3ka"},"content":{"rendered":"<div id=\"attachment_22045\" style=\"width: 493px\" class=\"wp-caption alignnone\"><a href=\"https:\/\/ujkafe.website\/wp-content\/uploads\/2013\/04\/fototanu_86.jpg\"><img loading=\"lazy\" decoding=\"async\" aria-describedby=\"caption-attachment-22045\" class=\" wp-image-22045\" alt=\"fototanu_86\" src=\"https:\/\/ujkafe.website\/wp-content\/uploads\/2013\/04\/fototanu_86.jpg\" width=\"483\" height=\"546\" srcset=\"https:\/\/ujkafe.website\/wp-content\/uploads\/2013\/04\/fototanu_86.jpg 604w, https:\/\/ujkafe.website\/wp-content\/uploads\/2013\/04\/fototanu_86-265x300.jpg 265w\" sizes=\"auto, (max-width: 483px) 100vw, 483px\" \/><\/a><p id=\"caption-attachment-22045\" class=\"wp-caption-text\">Fot\u00f3 Bartha \u00c1rp\u00e1d<\/p><\/div>\n<p>A k\u00e9p szerz\u0151je \u00edzig-v\u00e9rig fot\u00f3riporter volt, m\u00e9ghozz\u00e1 a n\u00e9pi k\u00e1derek fajt\u00e1j\u00e1b\u00f3l. Vasmunk\u00e1s volt eredetileg, \u00fagy emelt\u00e9k ki a termel\u00e9sb\u0151l, tehets\u00e9ge \u00e9s hajlama folyt\u00e1n, azt\u00e1n lett bel\u0151le a h\u00e1romsz\u00e9ki-barcas\u00e1gi vid\u00e9k nem-lakkoz\u00f3 sajt\u00f3fot\u00f3sa.<!--more--><\/p>\n<p><strong>Bartha \u00c1rp\u00e1d<\/strong> &#8211; akit igen jellemz\u0151en &#8222;h\u00e1romszem\u0171 embernek&#8221; nevezett egyik m\u00e9ltat\u00f3ja (V\u00e1ry O. P\u00e9ter) &#8211; lentr\u0151l j\u00f6tt \u00e9s soha nem szakadt el \u00f6v\u00e9it\u0151l. Az \u0151 vil\u00e1gukat fot\u00f3zta, \u00e9let\u00fck bels\u0151 sz\u00e9ps\u00e9geire, \u00e9rt\u00e9keire koncentr\u00e1lt. Sajt\u00f3feladatai mellett konokul f\u00e9nyk\u00e9pezett saj\u00e1t mag\u00e1nak, kiteljesed\u0151 m\u0171v\u00e9szet\u00e9nek.<\/p>\n<p>Sok bar\u00e1tja volt. M\u00falt id\u0151t mondok, mert 1981-ben egy v\u00e9rm\u00e9rgez\u00e9s\u00e9 s\u00falyosbod\u00f3 orvosi m\u0171hiba v\u00e9gzett vele. M\u00e9g \u00f6tven \u00e9ves se volt. Bar\u00e1tai, tisztel\u0151i 2004-ben a sepsiszentgy\u00f6rgyi Medium k\u00f6nyvkiad\u00f3n\u00e1l eml\u00e9kt\u00e1rlatot rendeztek \u00e9s fot\u00f3albumot adtak ki tisztelet\u00e9re, v\u00e1logatott eml\u00e9lkez\u0151 \u00edr\u00e1sokkal. Ez ut\u00f3bbiban szerepel ez a s\u00falyos k\u00e9p is, amely \u00e1tvitt \u00e9rtelm\u00e9n t\u00fal saj\u00e1t val\u00f3s\u00e1g\u00e1ban is leh\u00fazza a rajta szerepl\u0151 sz\u00e9kely f\u00e9rfi karjait. A sz\u00e9kelyf\u00f6ldi pity\u00f3ka \u00e9s a sz\u00e9kely ember egym\u00e1srautalts\u00e1g\u00e1t hordozza ez a felejthetetlen gesztus: a f\u00e9rfi tartja a terhet, arc\u00e1n konok komors\u00e1g, a s\u00faly neh\u00e9z, a sors kem\u00e9ny. Mint s\u00f6t\u00e9t, fenyeget\u0151 k\u00f6vek takarj\u00e1k el el\u0151tt\u00fcnk a zavaros eget&#8230;<\/p>\n<p><a href=\"https:\/\/picasaweb.google.com\/kvaricsg\/BarthaArpadPortfolio?authkey=Gv1sRgCMTFzZ_T8sTCgAE\">(Egy csokor Bartha-fot\u00f3 a m\u0171v\u00e9sz gal\u00e9ri\u00e1j\u00e1ban)<\/a><\/p>\n<p>&nbsp;<\/p>\n<p style=\"text-align: right;\"><em><strong>Cseke G\u00e1bor<\/strong><\/em><\/p>\n<p>Forr\u00e1s: <a href=\"http:\/\/fototanu.blogspot.ro\">Fot\u00f3tan\u00fa<\/a><\/p>\n","protected":false},"excerpt":{"rendered":"<p>A k\u00e9p szerz\u0151je \u00edzig-v\u00e9rig fot\u00f3riporter volt, m\u00e9ghozz\u00e1 a n\u00e9pi k\u00e1derek fajt\u00e1j\u00e1b\u00f3l. Vasmunk\u00e1s volt eredetileg, \u00fagy emelt\u00e9k ki a termel\u00e9sb\u0151l, tehets\u00e9ge \u00e9s hajlama folyt\u00e1n, azt\u00e1n lett bel\u0151le a h\u00e1romsz\u00e9ki-barcas\u00e1gi vid\u00e9k nem-lakkoz\u00f3 sajt\u00f3fot\u00f3sa.<\/p>\n","protected":false},"author":3,"featured_media":0,"comment_status":"open","ping_status":"open","sticky":false,"template":"","format":"standard","meta":{"_monsterinsights_skip_tracking":false,"_monsterinsights_sitenote_active":false,"_monsterinsights_sitenote_note":"","_monsterinsights_sitenote_category":0,"ngg_post_thumbnail":0,"footnotes":""},"categories":[5],"tags":[],"class_list":["post-22039","post","type-post","status-publish","format-standard","hentry","category-foto"],"_links":{"self":[{"href":"https:\/\/ujkafe.website\/index.php?rest_route=\/wp\/v2\/posts\/22039","targetHints":{"allow":["GET"]}}],"collection":[{"href":"https:\/\/ujkafe.website\/index.php?rest_route=\/wp\/v2\/posts"}],"about":[{"href":"https:\/\/ujkafe.website\/index.php?rest_route=\/wp\/v2\/types\/post"}],"author":[{"embeddable":true,"href":"https:\/\/ujkafe.website\/index.php?rest_route=\/wp\/v2\/users\/3"}],"replies":[{"embeddable":true,"href":"https:\/\/ujkafe.website\/index.php?rest_route=%2Fwp%2Fv2%2Fcomments&post=22039"}],"version-history":[{"count":0,"href":"https:\/\/ujkafe.website\/index.php?rest_route=\/wp\/v2\/posts\/22039\/revisions"}],"wp:attachment":[{"href":"https:\/\/ujkafe.website\/index.php?rest_route=%2Fwp%2Fv2%2Fmedia&parent=22039"}],"wp:term":[{"taxonomy":"category","embeddable":true,"href":"https:\/\/ujkafe.website\/index.php?rest_route=%2Fwp%2Fv2%2Fcategories&post=22039"},{"taxonomy":"post_tag","embeddable":true,"href":"https:\/\/ujkafe.website\/index.php?rest_route=%2Fwp%2Fv2%2Ftags&post=22039"}],"curies":[{"name":"wp","href":"https:\/\/api.w.org\/{rel}","templated":true}]}}