
{"id":22172,"date":"2013-04-11T14:25:59","date_gmt":"2013-04-11T14:25:59","guid":{"rendered":"https:\/\/ujkafe.website\/?p=22172"},"modified":"2013-04-11T14:25:59","modified_gmt":"2013-04-11T14:25:59","slug":"magyar-kolteszet-napja-2013-csikszereda","status":"publish","type":"post","link":"https:\/\/ujkafe.website\/?p=22172","title":{"rendered":"Magyar K\u00f6lt\u00e9szet Napja, 2013, Cs\u00edkszereda"},"content":{"rendered":"<div id=\"attachment_22173\" style=\"width: 627px\" class=\"wp-caption alignnone\"><img loading=\"lazy\" decoding=\"async\" aria-describedby=\"caption-attachment-22173\" class=\" wp-image-22173\" alt=\"kolteszetnapja2013apr11 014\" src=\"https:\/\/ujkafe.website\/wp-content\/uploads\/2013\/04\/kolteszetnapja2013apr11-014.jpg\" width=\"617\" height=\"380\" srcset=\"https:\/\/ujkafe.website\/wp-content\/uploads\/2013\/04\/kolteszetnapja2013apr11-014.jpg 1028w, https:\/\/ujkafe.website\/wp-content\/uploads\/2013\/04\/kolteszetnapja2013apr11-014-300x184.jpg 300w, https:\/\/ujkafe.website\/wp-content\/uploads\/2013\/04\/kolteszetnapja2013apr11-014-1024x630.jpg 1024w\" sizes=\"auto, (max-width: 617px) 100vw, 617px\" \/><p id=\"caption-attachment-22173\" class=\"wp-caption-text\">A Cs\u00edki J\u00e1t\u00e9ksz\u00edn l\u00e9pcs\u0151ir\u0151l 11 J\u00f3zsef Attila verssel k\u00f6sz\u00f6nt\u00f6tt\u00e9k sz\u00edn\u00e9szek \u00e9s di\u00e1kok a Magyar K\u00f6lt\u00e9szet Napj\u00e1t. Verset mondott a sz\u00ednh\u00e1z igazgat\u00f3ja \u00e9s a v\u00e1ros polg\u00e1rmestere is * Fot\u00f3 Sz\u00e9kedi Ferenc<\/p><\/div>\n","protected":false},"excerpt":{"rendered":"","protected":false},"author":3,"featured_media":0,"comment_status":"open","ping_status":"open","sticky":false,"template":"","format":"standard","meta":{"_monsterinsights_skip_tracking":false,"_monsterinsights_sitenote_active":false,"_monsterinsights_sitenote_note":"","_monsterinsights_sitenote_category":0,"ngg_post_thumbnail":0,"footnotes":""},"categories":[5],"tags":[],"class_list":["post-22172","post","type-post","status-publish","format-standard","hentry","category-foto"],"_links":{"self":[{"href":"https:\/\/ujkafe.website\/index.php?rest_route=\/wp\/v2\/posts\/22172","targetHints":{"allow":["GET"]}}],"collection":[{"href":"https:\/\/ujkafe.website\/index.php?rest_route=\/wp\/v2\/posts"}],"about":[{"href":"https:\/\/ujkafe.website\/index.php?rest_route=\/wp\/v2\/types\/post"}],"author":[{"embeddable":true,"href":"https:\/\/ujkafe.website\/index.php?rest_route=\/wp\/v2\/users\/3"}],"replies":[{"embeddable":true,"href":"https:\/\/ujkafe.website\/index.php?rest_route=%2Fwp%2Fv2%2Fcomments&post=22172"}],"version-history":[{"count":0,"href":"https:\/\/ujkafe.website\/index.php?rest_route=\/wp\/v2\/posts\/22172\/revisions"}],"wp:attachment":[{"href":"https:\/\/ujkafe.website\/index.php?rest_route=%2Fwp%2Fv2%2Fmedia&parent=22172"}],"wp:term":[{"taxonomy":"category","embeddable":true,"href":"https:\/\/ujkafe.website\/index.php?rest_route=%2Fwp%2Fv2%2Fcategories&post=22172"},{"taxonomy":"post_tag","embeddable":true,"href":"https:\/\/ujkafe.website\/index.php?rest_route=%2Fwp%2Fv2%2Ftags&post=22172"}],"curies":[{"name":"wp","href":"https:\/\/api.w.org\/{rel}","templated":true}]}}