
{"id":22270,"date":"2013-04-16T18:35:29","date_gmt":"2013-04-16T18:35:29","guid":{"rendered":"https:\/\/ujkafe.website\/?p=22270"},"modified":"2013-04-16T18:36:10","modified_gmt":"2013-04-16T18:36:10","slug":"stalinskaya","status":"publish","type":"post","link":"https:\/\/ujkafe.website\/?p=22270","title":{"rendered":"Stalinskaya"},"content":{"rendered":"<div id=\"attachment_22273\" style=\"width: 624px\" class=\"wp-caption alignnone\"><img loading=\"lazy\" decoding=\"async\" aria-describedby=\"caption-attachment-22273\" class=\" wp-image-22273\" alt=\"varga b\u00e9la, bar\u00f3t\" src=\"https:\/\/ujkafe.website\/wp-content\/uploads\/2013\/04\/fototanu_91.jpg\" width=\"614\" height=\"412\" srcset=\"https:\/\/ujkafe.website\/wp-content\/uploads\/2013\/04\/fototanu_91.jpg 1024w, https:\/\/ujkafe.website\/wp-content\/uploads\/2013\/04\/fototanu_91-300x200.jpg 300w\" sizes=\"auto, (max-width: 614px) 100vw, 614px\" \/><p id=\"caption-attachment-22273\" class=\"wp-caption-text\">Varga B\u00e9la fot\u00f3ja<\/p><\/div>\n<p>Bar\u00f3ton k\u00e9sz\u00fclt ez a monument\u00e1lisan groteszk k\u00e9p &#8211; abban a sz\u00e9kelyf\u00f6ldi b\u00e1nyav\u00e1rosban, ahol a nemzetk\u00f6zi hagyom\u00e1nyokhoz h\u00edven az egy f\u0151re es\u0151 alkoholfogyaszt\u00e1s orsz\u00e1gosan a legmagasabb r\u00e1t\u00e1kat ostromolta.<!--more--><\/p>\n<p>A szoc.realista st\u00edlusban emelt gy\u0151zedelmes b\u00e1ny\u00e1scsoportosul\u00e1s f\u00f6l\u00e9 kih\u00fazott vodkarekl\u00e1m, a valamikor vil\u00e1gm\u00e1rka Stalinskaya pancsoltra adapt\u00e1lt rom\u00e1niai licenc\u00e9nek ezt a tagadhatatlan t\u00e9nyt dokument\u00e1lja mind\u00f6r\u00f6kk\u00e9.<\/p>\n<p>Bar\u00f3t mint sz\u00e9nb\u00e1nya, az\u00f3ta befuccsolt. R\u00e9gi igazs\u00e1g: csak ami \u00e9rt\u00e9k, az marad meg&#8230; <strong>Varga B\u00e9la<\/strong> tan\u00e1r \u00far, az egykori RMSZ egyik f\u00e1radhatatlan fot\u00f3s munkat\u00e1rsa e hitelesen j\u00f3 munk\u00e1ja egyike a gy\u0171jtem\u00e9nyemben szerepl\u0151 gazdag k\u00e9panyagnak.<\/p>\n<p style=\"text-align: right;\"><em><strong>Cseke G\u00e1bor<\/strong><\/em><\/p>\n<p>(Forr\u00e1s:<a href=\"http:\/\/fototanu.blogspot.ro\"> Fot\u00f3tan\u00fa<\/a>)<\/p>\n","protected":false},"excerpt":{"rendered":"<p>Bar\u00f3ton k\u00e9sz\u00fclt ez a monument\u00e1lisan groteszk k\u00e9p &#8211; abban a sz\u00e9kelyf\u00f6ldi b\u00e1nyav\u00e1rosban, ahol a nemzetk\u00f6zi hagyom\u00e1nyokhoz h\u00edven az egy f\u0151re es\u0151 alkoholfogyaszt\u00e1s orsz\u00e1gosan a legmagasabb r\u00e1t\u00e1kat ostromolta.<\/p>\n","protected":false},"author":3,"featured_media":0,"comment_status":"open","ping_status":"open","sticky":false,"template":"","format":"standard","meta":{"_monsterinsights_skip_tracking":false,"_monsterinsights_sitenote_active":false,"_monsterinsights_sitenote_note":"","_monsterinsights_sitenote_category":0,"ngg_post_thumbnail":0,"footnotes":""},"categories":[5],"tags":[],"class_list":["post-22270","post","type-post","status-publish","format-standard","hentry","category-foto"],"_links":{"self":[{"href":"https:\/\/ujkafe.website\/index.php?rest_route=\/wp\/v2\/posts\/22270","targetHints":{"allow":["GET"]}}],"collection":[{"href":"https:\/\/ujkafe.website\/index.php?rest_route=\/wp\/v2\/posts"}],"about":[{"href":"https:\/\/ujkafe.website\/index.php?rest_route=\/wp\/v2\/types\/post"}],"author":[{"embeddable":true,"href":"https:\/\/ujkafe.website\/index.php?rest_route=\/wp\/v2\/users\/3"}],"replies":[{"embeddable":true,"href":"https:\/\/ujkafe.website\/index.php?rest_route=%2Fwp%2Fv2%2Fcomments&post=22270"}],"version-history":[{"count":0,"href":"https:\/\/ujkafe.website\/index.php?rest_route=\/wp\/v2\/posts\/22270\/revisions"}],"wp:attachment":[{"href":"https:\/\/ujkafe.website\/index.php?rest_route=%2Fwp%2Fv2%2Fmedia&parent=22270"}],"wp:term":[{"taxonomy":"category","embeddable":true,"href":"https:\/\/ujkafe.website\/index.php?rest_route=%2Fwp%2Fv2%2Fcategories&post=22270"},{"taxonomy":"post_tag","embeddable":true,"href":"https:\/\/ujkafe.website\/index.php?rest_route=%2Fwp%2Fv2%2Ftags&post=22270"}],"curies":[{"name":"wp","href":"https:\/\/api.w.org\/{rel}","templated":true}]}}