
{"id":23315,"date":"2013-06-06T13:48:40","date_gmt":"2013-06-06T13:48:40","guid":{"rendered":"https:\/\/ujkafe.website\/?p=23315"},"modified":"2013-06-06T13:49:48","modified_gmt":"2013-06-06T13:49:48","slug":"h-szabo-sandor-orfk-legi-szemle-a-duna-felett","status":"publish","type":"post","link":"https:\/\/ujkafe.website\/?p=23315","title":{"rendered":"H. Szab\u00f3 S\u00e1ndor-ORFK: L\u00e9gi szemle a Duna felett"},"content":{"rendered":"ngg_shortcode_0_placeholder\n<p><em>A dunai nagy \u00e1rad\u00e1s el\u0151tt l\u00e9gi szeml\u00e9t tartott a foly\u00f3, Budapest \u00e9s Dunaszeg k\u00f6z\u00f6tti mintegy 180 kilom\u00e9ter \u00a0hossz\u00fa szakasz\u00e1n, Moln\u00e1r B\u00e9la az Orsz\u00e1gos V\u00edz\u00fcgyi F\u0151igazgat\u00f3s\u00e1g F\u0151igazgat\u00f3ja, a K\u00e9szenl\u00e9ti Rend\u0151rs\u00e9g K\u00fcl\u00f6nleges Szolg\u00e1latok Igazgat\u00f3s\u00e1g L\u00e9girend\u00e9szeti Parancsnoks\u00e1g MD-500-as helikopter\u00e9nek fed\u00e9lzet\u00e9r\u0151l, Bukor J\u00e1nos rend\u0151r \u0151rnagy pil\u00f3t\u00e1val. Az \u00fatj\u00e1ra elk\u00eds\u00e9rte, Dr.Balogh J\u00e1nos rend\u0151r dand\u00e1rt\u00e1bornok a K\u00e9szenl\u00e9ti Rend\u0151rs\u00e9g parancsnoka, orsz\u00e1gos f\u0151kapit\u00e1ny-helyettes. \u00cdgy l\u00e1tt\u00e1k a Dun\u00e1t, az \u00e1rtereket \u00e9s a parti telep\u00fcl\u00e9seket a magasb\u00f3l ezen a szakaszon.<\/em><\/p>\n","protected":false},"excerpt":{"rendered":"<p>A dunai nagy \u00e1rad\u00e1s el\u0151tt l\u00e9gi szeml\u00e9t tartott a foly\u00f3, Budapest \u00e9s Dunaszeg k\u00f6z\u00f6tti mintegy 180 kilom\u00e9ter \u00a0hossz\u00fa szakasz\u00e1n, Moln\u00e1r B\u00e9la az Orsz\u00e1gos V\u00edz\u00fcgyi F\u0151igazgat\u00f3s\u00e1g F\u0151igazgat\u00f3ja, a K\u00e9szenl\u00e9ti Rend\u0151rs\u00e9g K\u00fcl\u00f6nleges Szolg\u00e1latok Igazgat\u00f3s\u00e1g L\u00e9girend\u00e9szeti Parancsnoks\u00e1g MD-500-as helikopter\u00e9nek fed\u00e9lzet\u00e9r\u0151l, Bukor J\u00e1nos rend\u0151r \u0151rnagy pil\u00f3t\u00e1val. Az \u00fatj\u00e1ra elk\u00eds\u00e9rte, Dr.Balogh J\u00e1nos rend\u0151r dand\u00e1rt\u00e1bornok a K\u00e9szenl\u00e9ti Rend\u0151rs\u00e9g parancsnoka, orsz\u00e1gos f\u0151kapit\u00e1ny-helyettes. [&hellip;]<\/p>\n","protected":false},"author":3,"featured_media":0,"comment_status":"open","ping_status":"open","sticky":false,"template":"","format":"standard","meta":{"_monsterinsights_skip_tracking":false,"_monsterinsights_sitenote_active":false,"_monsterinsights_sitenote_note":"","_monsterinsights_sitenote_category":0,"ngg_post_thumbnail":0,"footnotes":""},"categories":[5],"tags":[],"class_list":["post-23315","post","type-post","status-publish","format-standard","hentry","category-foto"],"_links":{"self":[{"href":"https:\/\/ujkafe.website\/index.php?rest_route=\/wp\/v2\/posts\/23315","targetHints":{"allow":["GET"]}}],"collection":[{"href":"https:\/\/ujkafe.website\/index.php?rest_route=\/wp\/v2\/posts"}],"about":[{"href":"https:\/\/ujkafe.website\/index.php?rest_route=\/wp\/v2\/types\/post"}],"author":[{"embeddable":true,"href":"https:\/\/ujkafe.website\/index.php?rest_route=\/wp\/v2\/users\/3"}],"replies":[{"embeddable":true,"href":"https:\/\/ujkafe.website\/index.php?rest_route=%2Fwp%2Fv2%2Fcomments&post=23315"}],"version-history":[{"count":0,"href":"https:\/\/ujkafe.website\/index.php?rest_route=\/wp\/v2\/posts\/23315\/revisions"}],"wp:attachment":[{"href":"https:\/\/ujkafe.website\/index.php?rest_route=%2Fwp%2Fv2%2Fmedia&parent=23315"}],"wp:term":[{"taxonomy":"category","embeddable":true,"href":"https:\/\/ujkafe.website\/index.php?rest_route=%2Fwp%2Fv2%2Fcategories&post=23315"},{"taxonomy":"post_tag","embeddable":true,"href":"https:\/\/ujkafe.website\/index.php?rest_route=%2Fwp%2Fv2%2Ftags&post=23315"}],"curies":[{"name":"wp","href":"https:\/\/api.w.org\/{rel}","templated":true}]}}