
{"id":23495,"date":"2013-06-16T09:51:47","date_gmt":"2013-06-16T09:51:47","guid":{"rendered":"https:\/\/ujkafe.website\/?p=23495"},"modified":"2013-06-16T09:51:47","modified_gmt":"2013-06-16T09:51:47","slug":"lebukottak","status":"publish","type":"post","link":"https:\/\/ujkafe.website\/?p=23495","title":{"rendered":"Lebukottak"},"content":{"rendered":"<p><img loading=\"lazy\" decoding=\"async\" class=\"alignnone size-full wp-image-23500\" alt=\"boros erno_tiltott hataratlepok_rommagyhataron, kb. 2000\" src=\"https:\/\/ujkafe.website\/wp-content\/uploads\/2013\/06\/fototanu_92.jpg\" width=\"625\" height=\"258\" srcset=\"https:\/\/ujkafe.website\/wp-content\/uploads\/2013\/06\/fototanu_92.jpg 625w, https:\/\/ujkafe.website\/wp-content\/uploads\/2013\/06\/fototanu_92-300x123.jpg 300w\" sizes=\"auto, (max-width: 625px) 100vw, 625px\" \/><\/p>\n<p>Az &#8222;igazs\u00e1g&#8221; egy pillanata a rom\u00e1n-magyar hat\u00e1ron. Az ezredfordul\u00f3n vagyunk. Magyarorsz\u00e1g m\u00e1r EU-kedvelt, Rom\u00e1nia m\u00e9g k\u00edv\u00fcl a k\u00f6r\u00f6n. A hat\u00e1ron \u00e1tsz\u00fcremkedni v\u00e1gy\u00f3k &#8211; a mai &#8222;v\u00e1ndorn\u00e9pek&#8221; &#8211; rendre fennakadnak a sz\u0171r\u0151k\u00f6n. Csapatostul buknak le, teherg\u00e9pkocsik rakter\u00e9be, ponyva al\u00e1 pr\u00e9selve, vagy szem\u00e9lyvonatok karossz\u00e9ri\u00e1j\u00e1ba, esetleg \u00e9ppen \u00e9jszaka k\u00eds\u00e9relt\u00e9k meg a z\u00f6ldhat\u00e1ron val\u00f3 \u00e1tjut\u00e1st&#8230;<!--more--><\/p>\n<p>A fot\u00f3t biztosan egy ilyen t\u00f6meges lef\u00fclel\u00e9s ut\u00e1n k\u00e9sz\u00edtette<strong> Boros Ern\u0151<\/strong> nagyk\u00e1rolyi \u00fajs\u00e1g\u00edr\u00f3, aki az RMSZ tud\u00f3s\u00edt\u00f3ja is volt, s besz\u00e1mol\u00f3it legt\u00f6bbsz\u00f6r fot\u00f3kkal dokument\u00e1lta, tette sz\u00edness\u00e9 \u00e9s hiteless\u00e9. A lebukottakr\u00f3l egy filmd\u00edszletnek is jav\u00e1ra v\u00e1l\u00f3, lepusztult k\u00f6rnyezetben k\u00e9sz\u00fclt felv\u00e9tele maga a t\u00f6m\u00e9ny kil\u00e1t\u00e1stalans\u00e1g, az idegenek sors\u00e1n val\u00f3 d\u00f6bbenet, de a k\u00f6zt\u00fck \u00e9s k\u00f6zt\u00fcnk l\u00e9v\u0151 t\u00e1vols\u00e1g is egyben. \u00dagy n\u00e9znek vel\u00fcnk szemben, mintha el akarn\u00e1nak s\u00fcllyedni a f\u00f6ld al\u00e1. De csak az\u00e9rt, mert lebuktak&#8230; S ha csak egy m\u00f3d van r\u00e1, m\u00e9g egyszer pr\u00f3b\u00e1lkoznak&#8230; \u00c9s m\u00e9g egyszer&#8230; Ha m\u00e1r ezer kilom\u00e9tereket tudnak maguk m\u00f6g\u00f6tt&#8230;<\/p>\n<p style=\"text-align: right;\"><em><strong>Cseke G\u00e1bor<\/strong><\/em><\/p>\n<p>(Forr\u00e1s: <a href=\"http:\/\/fototanu.blogspot.ca\/2009\/05\/lebukottak.html\">Fot\u00f3tan\u00fa<\/a>)<\/p>\n","protected":false},"excerpt":{"rendered":"<p>Az &#8222;igazs\u00e1g&#8221; egy pillanata a rom\u00e1n-magyar hat\u00e1ron. Az ezredfordul\u00f3n vagyunk. Magyarorsz\u00e1g m\u00e1r EU-kedvelt, Rom\u00e1nia m\u00e9g k\u00edv\u00fcl a k\u00f6r\u00f6n. A hat\u00e1ron \u00e1tsz\u00fcremkedni v\u00e1gy\u00f3k &#8211; a mai &#8222;v\u00e1ndorn\u00e9pek&#8221; &#8211; rendre fennakadnak a sz\u0171r\u0151k\u00f6n. Csapatostul buknak le, teherg\u00e9pkocsik rakter\u00e9be, ponyva al\u00e1 pr\u00e9selve, vagy szem\u00e9lyvonatok karossz\u00e9ri\u00e1j\u00e1ba, esetleg \u00e9ppen \u00e9jszaka k\u00eds\u00e9relt\u00e9k meg a z\u00f6ldhat\u00e1ron val\u00f3 \u00e1tjut\u00e1st&#8230;<\/p>\n","protected":false},"author":3,"featured_media":0,"comment_status":"open","ping_status":"open","sticky":false,"template":"","format":"standard","meta":{"_monsterinsights_skip_tracking":false,"_monsterinsights_sitenote_active":false,"_monsterinsights_sitenote_note":"","_monsterinsights_sitenote_category":0,"ngg_post_thumbnail":0,"footnotes":""},"categories":[5],"tags":[],"class_list":["post-23495","post","type-post","status-publish","format-standard","hentry","category-foto"],"_links":{"self":[{"href":"https:\/\/ujkafe.website\/index.php?rest_route=\/wp\/v2\/posts\/23495","targetHints":{"allow":["GET"]}}],"collection":[{"href":"https:\/\/ujkafe.website\/index.php?rest_route=\/wp\/v2\/posts"}],"about":[{"href":"https:\/\/ujkafe.website\/index.php?rest_route=\/wp\/v2\/types\/post"}],"author":[{"embeddable":true,"href":"https:\/\/ujkafe.website\/index.php?rest_route=\/wp\/v2\/users\/3"}],"replies":[{"embeddable":true,"href":"https:\/\/ujkafe.website\/index.php?rest_route=%2Fwp%2Fv2%2Fcomments&post=23495"}],"version-history":[{"count":0,"href":"https:\/\/ujkafe.website\/index.php?rest_route=\/wp\/v2\/posts\/23495\/revisions"}],"wp:attachment":[{"href":"https:\/\/ujkafe.website\/index.php?rest_route=%2Fwp%2Fv2%2Fmedia&parent=23495"}],"wp:term":[{"taxonomy":"category","embeddable":true,"href":"https:\/\/ujkafe.website\/index.php?rest_route=%2Fwp%2Fv2%2Fcategories&post=23495"},{"taxonomy":"post_tag","embeddable":true,"href":"https:\/\/ujkafe.website\/index.php?rest_route=%2Fwp%2Fv2%2Ftags&post=23495"}],"curies":[{"name":"wp","href":"https:\/\/api.w.org\/{rel}","templated":true}]}}