
{"id":23697,"date":"2013-06-24T09:17:26","date_gmt":"2013-06-24T09:17:26","guid":{"rendered":"https:\/\/ujkafe.website\/?p=23697"},"modified":"2013-06-24T10:40:41","modified_gmt":"2013-06-24T10:40:41","slug":"ozvegyen","status":"publish","type":"post","link":"https:\/\/ujkafe.website\/?p=23697","title":{"rendered":"\u00d6zvegyen"},"content":{"rendered":"<p><img loading=\"lazy\" decoding=\"async\" class=\"alignnone  wp-image-23701\" alt=\"\u00d6zvegyen * Fot\u00f3: K\u00f6vesdi L\u00e1szl\u00f3 * El\u00f6re-Cseke arch\u00edvum\" src=\"https:\/\/ujkafe.website\/wp-content\/uploads\/2013\/06\/fototanu_103.jpg\" width=\"500\" height=\"658\" srcset=\"https:\/\/ujkafe.website\/wp-content\/uploads\/2013\/06\/fototanu_103.jpg 625w, https:\/\/ujkafe.website\/wp-content\/uploads\/2013\/06\/fototanu_103-228x300.jpg 228w\" sizes=\"auto, (max-width: 500px) 100vw, 500px\" \/><\/p>\n<p><strong>K\u00f6vesdi L\u00e1szl\u00f3<\/strong> fot\u00f3s munk\u00e1ss\u00e1ga az \u00f6tvenes-nyolcvanas \u00e9vek anal\u00f3g szakasz\u00e1nak marosv\u00e1s\u00e1rhelyi iskol\u00e1j\u00e1hoz tartozik. Fekete-feh\u00e9r pap\u00edr k\u00e9pein egy keleti hangulat\u00fa, \u00e1ttetsz\u0151en kecses harm\u00f3ni\u00e1t kerget ak\u00e1r ha egy szelet keny\u00e9rr\u0151l \u00e9s egy k\u00f6t\u00e9s hagym\u00e1r\u00f3l, egy porcel\u00e1n \u00e9tk\u00e9szletr\u0151l vagy egy mosd\u00f3t\u00e1lban kikelt pitypangb\u00f3bit\u00e1r\u00f3l van sz\u00f3.<!--more--><\/p>\n<p>Mindett\u0151l elt\u00e9r\u0151en, \u00f6zvegye s\u00falyos jelens\u00e9g a sz\u00f3 mindenf\u00e9le \u00e9rtelm\u00e9ben. Mintha filmb\u0151l l\u00e9pett volna el\u0151, egy olasz neorealista alkot\u00e1sb\u00f3l. Mintha egy fotogr\u00e1fusi m\u0171helybe t\u00e9vedt volna, talpig \u00f6zvegyi egyenruh\u00e1ba \u00f6lt\u00f6zve, lef\u00e1tyolozva, ell\u00e1tva minden kell\u00e9kkel, ami a gy\u00e1szhoz sz\u00fcks\u00e9ges.<\/p>\n<p>Van \u00fagy, hogy bizony, nem csak form\u00e1lisan gy\u00e1szol az ember, aki els\u0151sorban saj\u00e1t mag\u00e1t sajn\u00e1lja: azt a megm\u00e1s\u00edthatatlan helyzetet, amelybe cs\u00f6ppent, ami nem olyan, mint amit megszokott, ami kiford\u00edtja eddigi \u00e9nj\u00e9b\u0151l, v\u00e1ltoz\u00e1sra k\u00e9nyszer\u00edti, ami k\u00e9nyelmetlen, \u00e9s olykor bizony f\u00e1j is, mint egy szoros cip\u0151ben a megdagadt l\u00e1b vagy egy feldagadt z\u00e1pfog&#8230;<\/p>\n<p><a href=\"https:\/\/picasaweb.google.com\/kvaricsg\/KovesdiLaszloPortfolio?authkey=Gv1sRgCJOD7sn15u3VKw#\"><em>(K\u00f6vesdi L\u00e1szl\u00f3nak az El\u0151re Napt\u00e1rn\u00e1l felgy\u0171lt portf\u00f3li\u00f3ja &#8211; itt.)<\/em><\/a><\/p>\n<p>&nbsp;<\/p>\n<p style=\"text-align: right;\"><em><strong>Cseke G\u00e1bor<\/strong><\/em><\/p>\n<p>(Forr\u00e1s:<a href=\"http:\/\/fototanu.blogspot.ca\/2009\/05\/ozvegyen.html\"> Fot\u00f3tan\u00fa<\/a>)<\/p>\n","protected":false},"excerpt":{"rendered":"<p>K\u00f6vesdi L\u00e1szl\u00f3 fot\u00f3s munk\u00e1ss\u00e1ga az \u00f6tvenes-nyolcvanas \u00e9vek anal\u00f3g szakasz\u00e1nak marosv\u00e1s\u00e1rhelyi iskol\u00e1j\u00e1hoz tartozik. Fekete-feh\u00e9r pap\u00edr k\u00e9pein egy keleti hangulat\u00fa, \u00e1ttetsz\u0151en kecses harm\u00f3ni\u00e1t kerget ak\u00e1r ha egy szelet keny\u00e9rr\u0151l \u00e9s egy k\u00f6t\u00e9s hagym\u00e1r\u00f3l, egy porcel\u00e1n \u00e9tk\u00e9szletr\u0151l vagy egy mosd\u00f3t\u00e1lban kikelt pitypangb\u00f3bit\u00e1r\u00f3l van sz\u00f3.<\/p>\n","protected":false},"author":3,"featured_media":0,"comment_status":"open","ping_status":"open","sticky":false,"template":"","format":"standard","meta":{"_monsterinsights_skip_tracking":false,"_monsterinsights_sitenote_active":false,"_monsterinsights_sitenote_note":"","_monsterinsights_sitenote_category":0,"ngg_post_thumbnail":0,"footnotes":""},"categories":[5],"tags":[],"class_list":["post-23697","post","type-post","status-publish","format-standard","hentry","category-foto"],"_links":{"self":[{"href":"https:\/\/ujkafe.website\/index.php?rest_route=\/wp\/v2\/posts\/23697","targetHints":{"allow":["GET"]}}],"collection":[{"href":"https:\/\/ujkafe.website\/index.php?rest_route=\/wp\/v2\/posts"}],"about":[{"href":"https:\/\/ujkafe.website\/index.php?rest_route=\/wp\/v2\/types\/post"}],"author":[{"embeddable":true,"href":"https:\/\/ujkafe.website\/index.php?rest_route=\/wp\/v2\/users\/3"}],"replies":[{"embeddable":true,"href":"https:\/\/ujkafe.website\/index.php?rest_route=%2Fwp%2Fv2%2Fcomments&post=23697"}],"version-history":[{"count":0,"href":"https:\/\/ujkafe.website\/index.php?rest_route=\/wp\/v2\/posts\/23697\/revisions"}],"wp:attachment":[{"href":"https:\/\/ujkafe.website\/index.php?rest_route=%2Fwp%2Fv2%2Fmedia&parent=23697"}],"wp:term":[{"taxonomy":"category","embeddable":true,"href":"https:\/\/ujkafe.website\/index.php?rest_route=%2Fwp%2Fv2%2Fcategories&post=23697"},{"taxonomy":"post_tag","embeddable":true,"href":"https:\/\/ujkafe.website\/index.php?rest_route=%2Fwp%2Fv2%2Ftags&post=23697"}],"curies":[{"name":"wp","href":"https:\/\/api.w.org\/{rel}","templated":true}]}}