
{"id":23718,"date":"2013-06-24T13:25:27","date_gmt":"2013-06-24T13:25:27","guid":{"rendered":"https:\/\/ujkafe.website\/?p=23718"},"modified":"2013-06-25T08:58:57","modified_gmt":"2013-06-25T08:58:57","slug":"bajna-gyorgy-kereste-kereste","status":"publish","type":"post","link":"https:\/\/ujkafe.website\/?p=23718","title":{"rendered":"Bajna Gy\u00f6rgy: Kereste, kereste\u2026"},"content":{"rendered":"<p><strong>K\u00f6zt\u00fcnk marad Rafi Lajos?<\/strong><\/p>\n<div id=\"attachment_23724\" style=\"width: 431px\" class=\"wp-caption alignnone\"><img loading=\"lazy\" decoding=\"async\" aria-describedby=\"caption-attachment-23724\" class=\" wp-image-23724\" alt=\"rafi\" src=\"https:\/\/ujkafe.website\/wp-content\/uploads\/2013\/06\/rafi.jpg\" width=\"421\" height=\"515\" srcset=\"https:\/\/ujkafe.website\/wp-content\/uploads\/2013\/06\/rafi.jpg 526w, https:\/\/ujkafe.website\/wp-content\/uploads\/2013\/06\/rafi-245x300.jpg 245w\" sizes=\"auto, (max-width: 421px) 100vw, 421px\" \/><p id=\"caption-attachment-23724\" class=\"wp-caption-text\">Fot\u00f3 Gergely Tam\u00e1s<\/p><\/div>\n<p><em><strong>Ny\u00e1r v\u00e9ge \/ Milajexhko merimos<\/strong><\/em><\/p>\n<p><em>Hal\u00e1lra biztos a Nap k\u00ednja m\u00e1r. \/ Palo Merismos xhenaro o Kham merel.<\/em><br \/>\n<em> Hal\u00e1lra biztos, hogy meghal a Ny\u00e1r. \/ Palo Merimos xhenav o Milaj merel.<\/em><br \/>\n<em> Hal\u00e1lra pontos v\u00e9ges \u00e9letem. \/ Misto xhenav ke shin kaj te merav.<\/em><br \/>\n<em> Hal\u00e1lra biztos, hogy : \u00edgy j\u00f3 nekem. \/ Misto xhenav nagne misto avelaxh.<\/em><\/p>\n<p>(Sv\u00e9dorsz\u00e1gban megjelent Ett under, slaget till marken c\u00edm\u0171, Ove Berglund \u00e1ltal ford\u00edtott k\u00f6tete v\u00e9g\u00e9n olvashat\u00f3 h\u00e1rom nyelven ez a verse.)<\/p>\n<p>1970. augusztus-2013. j\u00fanius 24. Ennyi maradna m\u00e1s ember ut\u00e1n egy fejf\u00e1n<!--more-->. Az \u0151 r\u00f6vid \u00e9lete gazdagabb volt: hat gyermeket neveltek, k\u00e9t k\u00f6tetet adott ki magyar nyelven. Idegenben elismert\u00e9k, sv\u00e9d\u00fcl is olvashatj\u00e1k verseit. Itthon k\u00f6tetei ellen\u00e9re sem tudt\u00e1k, hogy kicsoda. Nem a sz\u00edve \u00fclt a semmi \u00e1g\u00e1n, hanem \u0151 maga. Eg\u00e9sz val\u00f3j\u00e1ban. R\u00e1ad\u00e1sul \u00e1lland\u00f3 kett\u0151ss\u00e9gben. Pedig tiszt\u00e1ban volt azzal, hogy ki is \u0151, m\u00e9gis \u00e1lland\u00f3an gy\u00f6t\u00f6rte ez a k\u00e9rd\u00e9s is. Ezt is nehezen \u00e9rtett\u00e9k m\u00e9g tisztel\u0151i is, akik sokat bosszankodtak \u2013 f\u0151leg az \u00f6npuszt\u00edt\u00f3 \u00e9letvitele ok\u00e1n.<\/p>\n<p>Fia, Tibor k\u00f6z\u00f6lte a h\u00edrt: az este hi\u00e1ba kerest\u00e9k \u00e9desapj\u00e1t. Reggel m\u00e1r tudta, hogy mi\u00e9rt. H\u00e9tf\u0151re virrad\u00f3an egy vonat hal\u00e1lra g\u00e1zolta Gyergy\u00f3ditr\u00f3 \u00e9s Gyergy\u00f3sz\u00e1rhegy k\u00f6z\u00f6tt.<\/p>\n<p>Nem sejtheti senki, hogy mekkora az a teher, amit egy \u00e9rz\u00e9keny l\u00e9lek elviselhet. Nem tudhatja senki, hogy hol a hat\u00e1r, ahol minden elszakad \u00e9s csak a f\u00e9ny ut\u00e1n v\u00e1gy\u00e1s veszi \u00e1t az ir\u00e1ny\u00edt\u00e1st. A t\u00fals\u00f3, v\u00e9lt f\u00e9ny ut\u00e1ni, a f\u00e9ny ut\u00e1ni, amit a f\u00f6ld\u00f6n j\u00e1r\u00f3, n\u00e9ha r\u00f6gh\u00f6z tapadtak \u00f6r\u00f6k s\u00f6t\u00e9ts\u00e9gnek h\u00edvnak. B\u00e1r teher alatt n\u0151 a p\u00e1lma, de az, aki hely\u00e9t se az \u00f6v\u00e9i k\u00f6z\u00f6tt, se m\u00e1sok t\u00e1rsas\u00e1g\u00e1t keresve nem tal\u00e1lja meg, meddig terhelhet\u0151 p\u00e9ld\u00e1ul a kil\u00e1t\u00e1stalans\u00e1ggal?<br \/>\nMunka n\u00e9lk\u00fcl, a hasznoss\u00e1g \u00e9rzete n\u00e9lk\u00fcl nem neh\u00e9z feladni, beleroppanni. Akkor sem, ha gy\u00f6ny\u00f6r\u0171 szikr\u00e1k pattannak ki lelk\u00fcnkb\u0151l, melenget\u0151 szavak, f\u0151leg \u00fagy, hogy azok m\u00e1sok \u00e1ltal dics\u00e9rt, de igaz\u00e1n figyelembe se vett, meg se hallott-\u00e9rtett ki\u00e1lt\u00e1sok, s\u0151t seg\u00e9lyki\u00e1lt\u00e1sok.<br \/>\nEzek mind hozz\u00e1j\u00e1rulhatnak az utols\u00f3 v\u00e9kony hajsz\u00e1l elszakad\u00e1s\u00e1hoz. Lehet, hogy csak ki akarta pr\u00f3b\u00e1lni milyen az utols\u00f3 pillanat k\u00f6zel\u00e9be ker\u00fclni? Mert azt tudta, hogy egyszer csak el\u00e9rkezik, f\u0151leg annak k\u00f6sz\u00f6nhet\u0151en, ahogy \u0151 nap, mint nap s\u00fcrgette elj\u00f6vetel\u00e9t. Mi is t\u00f6rt\u00e9nhetett? V\u00e9tlen volt ism\u00e9t, csak a sz\u00e1guld\u00f3 vonat nem tudta kiker\u00fclni?<\/p>\n<p>Rafi Lajos k\u00e9rd\u00e9seket hagyott maga ut\u00e1n. Mint minden vers\u00e9vel. A v\u00e1laszok ott bujk\u00e1lnak, a titok ott lappang \u00e9pp a k\u00f6ltem\u00e9nyeiben. \u00c9lete ugyanis nyitott k\u00f6nyv volt, sz\u00e9tsz\u00f3rt lapokon keringett a szem\u00fcnk el\u0151tt, s hullott n\u00e9ha s\u00e1rba. Hal\u00e1la ellenben megr\u00e1z\u00f3 volta ellen\u00e9re sem v\u00e1lasz semmire. Tal\u00e1n csak arra, hogy nem figyel\u00fcnk el\u00e9gg\u00e9 egym\u00e1sra.<\/p>\n<p>Lajos csiszolatlan gy\u00e9m\u00e1nt marad imm\u00e1r mind\u00f6r\u00f6kre. K\u00f6zt\u00fcnk j\u00e1rt, n\u00e9zett, l\u00e1tott \u00e9s hallott, azt\u00e1n \u00fczent. Mi n\u00e9zt\u00fck, de nem l\u00e1ttuk \u00e9s nem hallottuk. Ha pedig igen, akkor rosszul.<\/p>\n<p>Ritka \u00e9s t\u00e9tova \u00fczeneteink val\u00f3sz\u00edn\u0171 ez\u00e9rt voltak hi\u00e1baval\u00f3k.<\/p>\n<p><em>Gyergy\u00f3szentmikl\u00f3s, 2013. j\u00fanius 24.<\/em><\/p>\n<h2><strong>Rafi Lajos \u00e9let\u00e9ben megjelent munk\u00e1i:<\/strong><\/h2>\n<p><img loading=\"lazy\" decoding=\"async\" class=\"alignnone size-full wp-image-23725\" alt=\"azeletszamlaja_rafi\" src=\"https:\/\/ujkafe.website\/wp-content\/uploads\/2013\/06\/azeletszamlaja_rafi.jpg\" width=\"180\" height=\"252\" \/> <img loading=\"lazy\" decoding=\"async\" class=\"alignnone  wp-image-23726\" alt=\"foldhozvert_rafi\" src=\"https:\/\/ujkafe.website\/wp-content\/uploads\/2013\/06\/foldhozvert_rafi.jpg\" width=\"192\" height=\"243\" srcset=\"https:\/\/ujkafe.website\/wp-content\/uploads\/2013\/06\/foldhozvert_rafi.jpg 400w, https:\/\/ujkafe.website\/wp-content\/uploads\/2013\/06\/foldhozvert_rafi-236x300.jpg 236w\" sizes=\"auto, (max-width: 192px) 100vw, 192px\" \/><\/p>\n<h2>Gergely Tam\u00e1s fot\u00f3riportja a Stockholmban l\u00e1togat\u00f3 Rafi Lajosr\u00f3l<\/h2>\n<div id=\"attachment_23727\" style=\"width: 624px\" class=\"wp-caption alignnone\"><img loading=\"lazy\" decoding=\"async\" aria-describedby=\"caption-attachment-23727\" class=\" wp-image-23727\" alt=\"rafiesatenger\" src=\"https:\/\/ujkafe.website\/wp-content\/uploads\/2013\/06\/rafiesatenger.jpg\" width=\"614\" height=\"410\" srcset=\"https:\/\/ujkafe.website\/wp-content\/uploads\/2013\/06\/rafiesatenger.jpg 1024w, https:\/\/ujkafe.website\/wp-content\/uploads\/2013\/06\/rafiesatenger-300x200.jpg 300w\" sizes=\"auto, (max-width: 614px) 100vw, 614px\" \/><p id=\"caption-attachment-23727\" class=\"wp-caption-text\">Rafi Lajos \u00e9s a sv\u00e9d tenger<\/p><\/div>\n<div id=\"attachment_23728\" style=\"width: 624px\" class=\"wp-caption alignnone\"><img loading=\"lazy\" decoding=\"async\" aria-describedby=\"caption-attachment-23728\" class=\" wp-image-23728\" alt=\"rafiesakonzvtar\" src=\"https:\/\/ujkafe.website\/wp-content\/uploads\/2013\/06\/rafiesakonzvtar.jpg\" width=\"614\" height=\"469\" srcset=\"https:\/\/ujkafe.website\/wp-content\/uploads\/2013\/06\/rafiesakonzvtar.jpg 1024w, https:\/\/ujkafe.website\/wp-content\/uploads\/2013\/06\/rafiesakonzvtar-300x228.jpg 300w\" sizes=\"auto, (max-width: 614px) 100vw, 614px\" \/><p id=\"caption-attachment-23728\" class=\"wp-caption-text\">Rafi Lajos \u00e9s a stockholmi k\u00f6nyvt\u00e1r<\/p><\/div>\n<div id=\"attachment_23729\" style=\"width: 624px\" class=\"wp-caption alignnone\"><img loading=\"lazy\" decoding=\"async\" aria-describedby=\"caption-attachment-23729\" class=\" wp-image-23729\" alt=\"rafiesforditoja\" src=\"https:\/\/ujkafe.website\/wp-content\/uploads\/2013\/06\/rafiesforditoja.jpg\" width=\"614\" height=\"384\" srcset=\"https:\/\/ujkafe.website\/wp-content\/uploads\/2013\/06\/rafiesforditoja.jpg 1024w, https:\/\/ujkafe.website\/wp-content\/uploads\/2013\/06\/rafiesforditoja-300x187.jpg 300w\" sizes=\"auto, (max-width: 614px) 100vw, 614px\" \/><p id=\"caption-attachment-23729\" class=\"wp-caption-text\">Rafi Lajos \u00e9s sv\u00e9d bar\u00e1tja<\/p><\/div>\n<p><a href=\"http:\/\/urszu.herobo.com\/index.php?option=com_content&amp;view=article&amp;id=639:kis-rafi-lajos-breviarium&amp;catid=19&amp;Itemid=217\"><em><strong>Kis Rafi Lajos-brevi\u00e1rium az urszu 2-n (Cseke G\u00e1bor honlapja &#8211; Verskeres\u0151)<\/strong><\/em><\/a><\/p>\n<p>&nbsp;<\/p>\n","protected":false},"excerpt":{"rendered":"<p>K\u00f6zt\u00fcnk marad Rafi Lajos? Ny\u00e1r v\u00e9ge \/ Milajexhko merimos Hal\u00e1lra biztos a Nap k\u00ednja m\u00e1r. \/ Palo Merismos xhenaro o Kham merel. Hal\u00e1lra biztos, hogy meghal a Ny\u00e1r. \/ Palo Merimos xhenav o Milaj merel. Hal\u00e1lra pontos v\u00e9ges \u00e9letem. \/ Misto xhenav ke shin kaj te merav. Hal\u00e1lra biztos, hogy : \u00edgy j\u00f3 nekem. \/ [&hellip;]<\/p>\n","protected":false},"author":3,"featured_media":0,"comment_status":"open","ping_status":"open","sticky":false,"template":"","format":"standard","meta":{"_monsterinsights_skip_tracking":false,"_monsterinsights_sitenote_active":false,"_monsterinsights_sitenote_note":"","_monsterinsights_sitenote_category":0,"ngg_post_thumbnail":0,"footnotes":""},"categories":[120,5],"tags":[],"class_list":["post-23718","post","type-post","status-publish","format-standard","hentry","category-essze","category-foto"],"_links":{"self":[{"href":"https:\/\/ujkafe.website\/index.php?rest_route=\/wp\/v2\/posts\/23718","targetHints":{"allow":["GET"]}}],"collection":[{"href":"https:\/\/ujkafe.website\/index.php?rest_route=\/wp\/v2\/posts"}],"about":[{"href":"https:\/\/ujkafe.website\/index.php?rest_route=\/wp\/v2\/types\/post"}],"author":[{"embeddable":true,"href":"https:\/\/ujkafe.website\/index.php?rest_route=\/wp\/v2\/users\/3"}],"replies":[{"embeddable":true,"href":"https:\/\/ujkafe.website\/index.php?rest_route=%2Fwp%2Fv2%2Fcomments&post=23718"}],"version-history":[{"count":0,"href":"https:\/\/ujkafe.website\/index.php?rest_route=\/wp\/v2\/posts\/23718\/revisions"}],"wp:attachment":[{"href":"https:\/\/ujkafe.website\/index.php?rest_route=%2Fwp%2Fv2%2Fmedia&parent=23718"}],"wp:term":[{"taxonomy":"category","embeddable":true,"href":"https:\/\/ujkafe.website\/index.php?rest_route=%2Fwp%2Fv2%2Fcategories&post=23718"},{"taxonomy":"post_tag","embeddable":true,"href":"https:\/\/ujkafe.website\/index.php?rest_route=%2Fwp%2Fv2%2Ftags&post=23718"}],"curies":[{"name":"wp","href":"https:\/\/api.w.org\/{rel}","templated":true}]}}