
{"id":23745,"date":"2013-06-26T10:34:12","date_gmt":"2013-06-26T10:34:12","guid":{"rendered":"https:\/\/ujkafe.website\/?p=23745"},"modified":"2013-06-26T10:34:12","modified_gmt":"2013-06-26T10:34:12","slug":"erkezes-a-deltaba","status":"publish","type":"post","link":"https:\/\/ujkafe.website\/?p=23745","title":{"rendered":"\u00c9rkez\u00e9s a delt\u00e1ba"},"content":{"rendered":"<div id=\"attachment_23749\" style=\"width: 490px\" class=\"wp-caption alignnone\"><img loading=\"lazy\" decoding=\"async\" aria-describedby=\"caption-attachment-23749\" class=\" wp-image-23749\" alt=\"Cecilia Baranescu: \u00c9rkez\u00e9s a delt\u00e1ba\" src=\"https:\/\/ujkafe.website\/wp-content\/uploads\/2013\/06\/fototanu_106.jpg\" width=\"480\" height=\"688\" srcset=\"https:\/\/ujkafe.website\/wp-content\/uploads\/2013\/06\/fototanu_106.jpg 600w, https:\/\/ujkafe.website\/wp-content\/uploads\/2013\/06\/fototanu_106-209x300.jpg 209w\" sizes=\"auto, (max-width: 480px) 100vw, 480px\" \/><p id=\"caption-attachment-23749\" class=\"wp-caption-text\">Fot\u00f3 Cecilia Denis B\u0103r\u0103nescu<\/p><\/div>\n<p>Fapados, h\u00e1nyk\u00f3d\u00f3, lassan sikl\u00f3 haj\u00f3 fut be a deltai kik\u00f6t\u0151be &#8211; hozza Tulce\u00e1r\u00f3l, az utols\u00f3 sz\u00e1razf\u00f6ldi v\u00e1rosb\u00f3l, a vas\u00fat\u00e1llom\u00e1s mell\u0151l mindazokay, akiket fog a delta v\u00edzi vil\u00e1ga. Odaval\u00f3 bennsz\u00fcl\u00f6tteket \u00e9s v\u00e1llalkoz\u00f3 kedv\u0171 kalandorokat.<!--more--><\/p>\n<p><strong>Cecilia Denis B\u0103r\u0103nescu\u00a0<\/strong>\u00a0a v\u00e1roslak\u00f3 k\u00edv\u00e1ncsis\u00e1g\u00e1val vetette bele mag\u00e1t f\u00e9nyk\u00e9pez\u0151g\u00e9ppel felt\u00e9rk\u00e9pezni a delta vil\u00e1g\u00e1t. Mindazt a meg\u00f6r\u00f6k\u00edt\u00e9sre v\u00e1r\u00f3 pillanatot, amely egyediv\u00e9, meghat\u00e1roz\u00f3v\u00e1 teszi ezt az isten h\u00e1ta m\u00f6g\u00f6tti, mag\u00e1ra hagyott vid\u00e9ket.<\/p>\n<p>A delta emberei elesett, rem\u00e9nytelen emberek. Az \u00e9lteti \u0151ket, hogy rosszabb m\u00e1r nem lehet. Az otthonoss\u00e1g \u00e9s a kiker\u00fclhetetlen sors elsz\u00e1nts\u00e1g\u00e1val l\u00e9pnek a haj\u00f3h\u00eddr\u00f3l a kop\u00e1r, s\u00e1ros, sokat k\u00e1rhoztatott partra, amely nem jelent ugyan biztos pontot az itt \u00e9l\u0151k sz\u00e1m\u00e1ra, de ez a mentsv\u00e1ruk, az \u00e9let\u00fck. Ez tartja meg c\u00f6l\u00f6p\u00f6kre \u00e9p\u00edtett h\u00e1zaikat.<\/p>\n<p>A fot\u00f3s felfedez\u00e9s\u00e9b\u0151l remek k\u00e9priport<em> (Deltai h\u00e9tk\u00f6znapok)<\/em> sz\u00fcletett, megtekinthet\u0151 a <a href=\"http:\/\/users.atw.hu\/cseke\/kaland\/kaland36-delta.htm\"><strong>Kalandoz\u00f3 c. honlapon<\/strong><\/a>. Az itt k\u00f6z\u00f6lt felv\u00e9tel csak egy pillanat a v\u00e9gtelenn\u00e9 t\u00e1gul\u00f3 helyzetk\u00e9pb\u0151l.<\/p>\n<p style=\"text-align: right;\"><em><strong>Cseke G\u00e1bor<\/strong><\/em><\/p>\n<p>(Forr\u00e1s: <a href=\"http:\/\/fototanu.blogspot.ca\/2009\/05\/erkezes-deltaba.html\"><em>Fot\u00f3tan\u00fa<\/em><\/a>)<\/p>\n","protected":false},"excerpt":{"rendered":"<p>Fapados, h\u00e1nyk\u00f3d\u00f3, lassan sikl\u00f3 haj\u00f3 fut be a deltai kik\u00f6t\u0151be &#8211; hozza Tulce\u00e1r\u00f3l, az utols\u00f3 sz\u00e1razf\u00f6ldi v\u00e1rosb\u00f3l, a vas\u00fat\u00e1llom\u00e1s mell\u0151l mindazokay, akiket fog a delta v\u00edzi vil\u00e1ga. Odaval\u00f3 bennsz\u00fcl\u00f6tteket \u00e9s v\u00e1llalkoz\u00f3 kedv\u0171 kalandorokat.<\/p>\n","protected":false},"author":3,"featured_media":0,"comment_status":"open","ping_status":"open","sticky":false,"template":"","format":"standard","meta":{"_monsterinsights_skip_tracking":false,"_monsterinsights_sitenote_active":false,"_monsterinsights_sitenote_note":"","_monsterinsights_sitenote_category":0,"ngg_post_thumbnail":0,"footnotes":""},"categories":[5],"tags":[],"class_list":["post-23745","post","type-post","status-publish","format-standard","hentry","category-foto"],"_links":{"self":[{"href":"https:\/\/ujkafe.website\/index.php?rest_route=\/wp\/v2\/posts\/23745","targetHints":{"allow":["GET"]}}],"collection":[{"href":"https:\/\/ujkafe.website\/index.php?rest_route=\/wp\/v2\/posts"}],"about":[{"href":"https:\/\/ujkafe.website\/index.php?rest_route=\/wp\/v2\/types\/post"}],"author":[{"embeddable":true,"href":"https:\/\/ujkafe.website\/index.php?rest_route=\/wp\/v2\/users\/3"}],"replies":[{"embeddable":true,"href":"https:\/\/ujkafe.website\/index.php?rest_route=%2Fwp%2Fv2%2Fcomments&post=23745"}],"version-history":[{"count":0,"href":"https:\/\/ujkafe.website\/index.php?rest_route=\/wp\/v2\/posts\/23745\/revisions"}],"wp:attachment":[{"href":"https:\/\/ujkafe.website\/index.php?rest_route=%2Fwp%2Fv2%2Fmedia&parent=23745"}],"wp:term":[{"taxonomy":"category","embeddable":true,"href":"https:\/\/ujkafe.website\/index.php?rest_route=%2Fwp%2Fv2%2Fcategories&post=23745"},{"taxonomy":"post_tag","embeddable":true,"href":"https:\/\/ujkafe.website\/index.php?rest_route=%2Fwp%2Fv2%2Ftags&post=23745"}],"curies":[{"name":"wp","href":"https:\/\/api.w.org\/{rel}","templated":true}]}}