
{"id":23764,"date":"2013-06-26T14:28:02","date_gmt":"2013-06-26T14:28:02","guid":{"rendered":"https:\/\/ujkafe.website\/?p=23764"},"modified":"2013-06-26T14:28:02","modified_gmt":"2013-06-26T14:28:02","slug":"a-vidam-cigany","status":"publish","type":"post","link":"https:\/\/ujkafe.website\/?p=23764","title":{"rendered":"A vid\u00e1m cig\u00e1ny"},"content":{"rendered":"<div id=\"attachment_23769\" style=\"width: 493px\" class=\"wp-caption alignnone\"><img loading=\"lazy\" decoding=\"async\" aria-describedby=\"caption-attachment-23769\" class=\" wp-image-23769\" alt=\"baracs_14\" src=\"https:\/\/ujkafe.website\/wp-content\/uploads\/2013\/06\/baracs_14.jpg\" width=\"483\" height=\"641\" srcset=\"https:\/\/ujkafe.website\/wp-content\/uploads\/2013\/06\/baracs_14.jpg 604w, https:\/\/ujkafe.website\/wp-content\/uploads\/2013\/06\/baracs_14-226x300.jpg 226w\" sizes=\"auto, (max-width: 483px) 100vw, 483px\" \/><p id=\"caption-attachment-23769\" class=\"wp-caption-text\">Fot\u00f3 Baracs D\u00e9nes<\/p><\/div>\n<p><strong>Baracs D\u00e9nes<\/strong> ny. h\u00edrszerkeszt\u0151 &#8211; az MTI egykori k\u00ednai, franciaorsz\u00e1gi \u00e9s rom\u00e1niai tud\u00f3s\u00edt\u00f3ja &#8211; j\u00f3 bar\u00e1tom, akit\u0151l sokat tanultam, mindenek el\u0151tt professzionalizmust. Annak ellen\u00e9re, hogy a fot\u00f3ban \u0151 amat\u0151rnek sz\u00e1m\u00edtott, hiszen a k\u00e9pet csup\u00e1n konc\u00edpi\u00e1lta, a g\u00e9pet elkattintotta, de a labormunk\u00e1t, a v\u00e1logat\u00e1st, a v\u00e1g\u00e1st stb. m\u00e1r m\u00e1s v\u00e9gezte &#8211;<!--more--> hozz\u00e1\u00e9rt\u0151 profik a h\u00edr\u00fcgyn\u00f6ks\u00e9g j\u00f3l felszerelt, sokat kipr\u00f3b\u00e1lt laborj\u00e1ban -, szorgalmasan gy\u0171jt\u00f6tte a filmjeit \u00e9s minden \u00e9rdekes l\u00e1tv\u00e1nyt meg\u00f6r\u00f6k\u00edtett, amerre csak j\u00e1rt.<\/p>\n<p>Az ezredfordul\u00f3 t\u00e1j\u00e1n, Bukarestben mutatta be gazdag t\u00e1rlat\u00e1t, amelyr\u0151l \u00fagy siker\u00fclt n\u00e9h\u00e1ny felv\u00e9telt meg\u00f6r\u00f6k\u00edteni, hogy Sz\u00e9kely S\u00e1ndor, az RMSZ fot\u00f3riportere a bukaresti Magyar Kultur\u00e1lis K\u00f6zpontban ki\u00e1ll\u00edtott k\u00e9pekr\u0151l rudiment\u00e1ris f\u00e9nyk\u00e9pm\u00e1solatokat k\u00e9sz\u00edtett, \u00fagy, ahogy azok a falakon l\u00f3gtak.<\/p>\n<p>Azon a t\u00e1rlaton szerepelt ez a vid\u00e1m cig\u00e1ny is, akit valahol Erd\u00e9lyben, a Sz\u00e9kelyf\u00f6ld\u00f6n kapott el s b\u00edrt &#8222;vallat\u00f3ra&#8221; g\u00e9pe \u00e1ltal. Ak\u00e1rcsak e portr\u00e9, a Baracs D\u00e9nes telital\u00e1latait a szerencse \u00e9s a helyzet hozz\u00e1k. Az \u0151 \u00e9rdeme az, hogy nem hagyja ki a helyzeteket, illetve, amit kihagy, abb\u00f3l nem k\u00e9sz\u00edt minden\u00e1ron k\u00e9pet. \u00cdgy lesznek amat\u0151r k\u00e9pei, m\u00e1sok \u00e1ltal kidolgozott \u00e9s felfedezett felv\u00e9telei val\u00f3di fot\u00f3s tan\u00fak, h\u00edrad\u00e1sok a szavakkal k\u00f6r\u00fcl\u00edrt \u00e9s k\u00f6r\u00fclb\u00e1sty\u00e1zott vil\u00e1gr\u00f3l.<\/p>\n<p style=\"text-align: right;\"><em><strong>Cseke G\u00e1bor<\/strong><\/em><\/p>\n<p>(Forr\u00e1s: <a href=\"http:\/\/fototanu.blogspot.ca\/2009\/05\/vidam-cigany.html\"><em>Fot\u00f3tan\u00fa<\/em><\/a>)<\/p>\n","protected":false},"excerpt":{"rendered":"<p>Baracs D\u00e9nes ny. h\u00edrszerkeszt\u0151 &#8211; az MTI egykori k\u00ednai, franciaorsz\u00e1gi \u00e9s rom\u00e1niai tud\u00f3s\u00edt\u00f3ja &#8211; j\u00f3 bar\u00e1tom, akit\u0151l sokat tanultam, mindenek el\u0151tt professzionalizmust. Annak ellen\u00e9re, hogy a fot\u00f3ban \u0151 amat\u0151rnek sz\u00e1m\u00edtott, hiszen a k\u00e9pet csup\u00e1n konc\u00edpi\u00e1lta, a g\u00e9pet elkattintotta, de a labormunk\u00e1t, a v\u00e1logat\u00e1st, a v\u00e1g\u00e1st stb. m\u00e1r m\u00e1s v\u00e9gezte &#8211;<\/p>\n","protected":false},"author":3,"featured_media":0,"comment_status":"open","ping_status":"open","sticky":false,"template":"","format":"standard","meta":{"_monsterinsights_skip_tracking":false,"_monsterinsights_sitenote_active":false,"_monsterinsights_sitenote_note":"","_monsterinsights_sitenote_category":0,"ngg_post_thumbnail":0,"footnotes":""},"categories":[5],"tags":[],"class_list":["post-23764","post","type-post","status-publish","format-standard","hentry","category-foto"],"_links":{"self":[{"href":"https:\/\/ujkafe.website\/index.php?rest_route=\/wp\/v2\/posts\/23764","targetHints":{"allow":["GET"]}}],"collection":[{"href":"https:\/\/ujkafe.website\/index.php?rest_route=\/wp\/v2\/posts"}],"about":[{"href":"https:\/\/ujkafe.website\/index.php?rest_route=\/wp\/v2\/types\/post"}],"author":[{"embeddable":true,"href":"https:\/\/ujkafe.website\/index.php?rest_route=\/wp\/v2\/users\/3"}],"replies":[{"embeddable":true,"href":"https:\/\/ujkafe.website\/index.php?rest_route=%2Fwp%2Fv2%2Fcomments&post=23764"}],"version-history":[{"count":0,"href":"https:\/\/ujkafe.website\/index.php?rest_route=\/wp\/v2\/posts\/23764\/revisions"}],"wp:attachment":[{"href":"https:\/\/ujkafe.website\/index.php?rest_route=%2Fwp%2Fv2%2Fmedia&parent=23764"}],"wp:term":[{"taxonomy":"category","embeddable":true,"href":"https:\/\/ujkafe.website\/index.php?rest_route=%2Fwp%2Fv2%2Fcategories&post=23764"},{"taxonomy":"post_tag","embeddable":true,"href":"https:\/\/ujkafe.website\/index.php?rest_route=%2Fwp%2Fv2%2Ftags&post=23764"}],"curies":[{"name":"wp","href":"https:\/\/api.w.org\/{rel}","templated":true}]}}