
{"id":23774,"date":"2013-06-27T09:36:48","date_gmt":"2013-06-27T09:36:48","guid":{"rendered":"https:\/\/ujkafe.website\/?p=23774"},"modified":"2013-06-27T09:37:29","modified_gmt":"2013-06-27T09:37:29","slug":"a-zsakmany","status":"publish","type":"post","link":"https:\/\/ujkafe.website\/?p=23774","title":{"rendered":"A zs\u00e1km\u00e1ny"},"content":{"rendered":"<div id=\"attachment_23778\" style=\"width: 624px\" class=\"wp-caption alignnone\"><img loading=\"lazy\" decoding=\"async\" aria-describedby=\"caption-attachment-23778\" class=\" wp-image-23778\" alt=\"Mihu Constantin: A zs\u00e1km\u00e1ny\" src=\"https:\/\/ujkafe.website\/wp-content\/uploads\/2013\/06\/fototanu_107a.jpg\" width=\"614\" height=\"449\" srcset=\"https:\/\/ujkafe.website\/wp-content\/uploads\/2013\/06\/fototanu_107a.jpg 1024w, https:\/\/ujkafe.website\/wp-content\/uploads\/2013\/06\/fototanu_107a-300x219.jpg 300w\" sizes=\"auto, (max-width: 614px) 100vw, 614px\" \/><p id=\"caption-attachment-23778\" class=\"wp-caption-text\">Fot\u00f3 Mihu Constantin<\/p><\/div>\n<p>A Tavir\u00f3zsa premier-fot\u00f3 p\u00e1ly\u00e1zat\u00e1n figyeltem fel \u00e9vr\u0151l \u00e9vre a marosv\u00e1s\u00e1rhelyi (megint \u00e9s annyiszor: Marosv\u00e1s\u00e1rhely!)<strong> Mihu Constantin<\/strong> \u00e9letk\u00e9peire, tiszta rajz\u00fa h\u00edrad\u00e1saira kisvil\u00e1gunkr\u00f3l.<br \/>\n<!--more--><\/p>\n<p>K\u00fcl\u00f6n\u00f6sen szeretem term\u00e9szetfot\u00f3it, amelyek k\u00f6zel hozz\u00e1k azt a l\u00e1tv\u00e1nyt, ami sokszor elv\u00e9sz a dimenzi\u00f3k \u00e9s a neh\u00e9z megk\u00f6zel\u00edthet\u0151s\u00e9g miatt. Gy\u0151zedelmes madara, amelyik \u00fagy tartja az elcs\u00edpett lepk\u00e9t a cs\u0151r\u00e9ben, mint egy diadalmas harci z\u00e1szl\u00f3t, csak egy p\u00e9lda a sok k\u00f6z\u00fcl. R\u00e1ad\u00e1sul nem is a legeredetibb, hiszen a term\u00e9szetet sokan \u00e9s sokf\u00e9le tr\u00fckkel, technik\u00e1kkal &#8211; cselekkel &#8211; k\u00f6zel\u00edtik meg, s az rendre megadja mag\u00e1t. A term\u00e9szetben nincsenek szem\u00e9lyis\u00e9gi jogok, de \u00e9ppen emiatt kell k\u00e9tszeresen is paparazzonak lenni, hogy valami \u00e9rtelmeset elcs\u00edphess\u00fcnk a j\u00f3l szervezett, kit\u0171n\u0151 v\u00e9delmi rendszer\u0171, \u00f6nt\u00f6rv\u00e9ny\u0171 vil\u00e1gb\u00f3l, amelynek mi magunk is r\u00e9szei vagyunk, de err\u0151l nagyon sokszor elfeledkez\u00fcnk \u00e9s k\u00edv\u00fclr\u0151l betekintve, beavatkozva szeretn\u00e9nk lenni rendez\u0151je \u00e9s dirigense, teljhatalm\u00fa ura \u00e9s f\u0151szerepl\u0151je egyar\u00e1nt&#8230;<\/p>\n<p style=\"text-align: right;\"><em><strong>Cseke G\u00e1bor<\/strong><\/em><\/p>\n<p>(Forr\u00e1s: <a href=\"http:\/\/fototanu.blogspot.ca\/2009\/06\/zsakmany.html\"><em>Fot\u00f3tan\u00fa<\/em><\/a>)<\/p>\n","protected":false},"excerpt":{"rendered":"<p>A Tavir\u00f3zsa premier-fot\u00f3 p\u00e1ly\u00e1zat\u00e1n figyeltem fel \u00e9vr\u0151l \u00e9vre a marosv\u00e1s\u00e1rhelyi (megint \u00e9s annyiszor: Marosv\u00e1s\u00e1rhely!) Mihu Constantin \u00e9letk\u00e9peire, tiszta rajz\u00fa h\u00edrad\u00e1saira kisvil\u00e1gunkr\u00f3l.<\/p>\n","protected":false},"author":3,"featured_media":0,"comment_status":"open","ping_status":"open","sticky":false,"template":"","format":"standard","meta":{"_monsterinsights_skip_tracking":false,"_monsterinsights_sitenote_active":false,"_monsterinsights_sitenote_note":"","_monsterinsights_sitenote_category":0,"ngg_post_thumbnail":0,"footnotes":""},"categories":[5],"tags":[],"class_list":["post-23774","post","type-post","status-publish","format-standard","hentry","category-foto"],"_links":{"self":[{"href":"https:\/\/ujkafe.website\/index.php?rest_route=\/wp\/v2\/posts\/23774","targetHints":{"allow":["GET"]}}],"collection":[{"href":"https:\/\/ujkafe.website\/index.php?rest_route=\/wp\/v2\/posts"}],"about":[{"href":"https:\/\/ujkafe.website\/index.php?rest_route=\/wp\/v2\/types\/post"}],"author":[{"embeddable":true,"href":"https:\/\/ujkafe.website\/index.php?rest_route=\/wp\/v2\/users\/3"}],"replies":[{"embeddable":true,"href":"https:\/\/ujkafe.website\/index.php?rest_route=%2Fwp%2Fv2%2Fcomments&post=23774"}],"version-history":[{"count":0,"href":"https:\/\/ujkafe.website\/index.php?rest_route=\/wp\/v2\/posts\/23774\/revisions"}],"wp:attachment":[{"href":"https:\/\/ujkafe.website\/index.php?rest_route=%2Fwp%2Fv2%2Fmedia&parent=23774"}],"wp:term":[{"taxonomy":"category","embeddable":true,"href":"https:\/\/ujkafe.website\/index.php?rest_route=%2Fwp%2Fv2%2Fcategories&post=23774"},{"taxonomy":"post_tag","embeddable":true,"href":"https:\/\/ujkafe.website\/index.php?rest_route=%2Fwp%2Fv2%2Ftags&post=23774"}],"curies":[{"name":"wp","href":"https:\/\/api.w.org\/{rel}","templated":true}]}}