
{"id":23863,"date":"2013-07-01T09:47:46","date_gmt":"2013-07-01T09:47:46","guid":{"rendered":"https:\/\/ujkafe.website\/?p=23863"},"modified":"2013-07-01T09:47:46","modified_gmt":"2013-07-01T09:47:46","slug":"maganugyek","status":"publish","type":"post","link":"https:\/\/ujkafe.website\/?p=23863","title":{"rendered":"Mag\u00e1n\u00fcgyek"},"content":{"rendered":"<div id=\"attachment_23866\" style=\"width: 488px\" class=\"wp-caption alignnone\"><img loading=\"lazy\" decoding=\"async\" aria-describedby=\"caption-attachment-23866\" class=\" wp-image-23866\" alt=\"Mag\u00e1n\u00fcgyek-4 * Fot\u00f3: Vilid\u00e1r Istv\u00e1n * Elore-Cseke archivum\" src=\"https:\/\/ujkafe.website\/wp-content\/uploads\/2013\/07\/fototanu_vilidar.jpg\" width=\"478\" height=\"634\" srcset=\"https:\/\/ujkafe.website\/wp-content\/uploads\/2013\/07\/fototanu_vilidar.jpg 598w, https:\/\/ujkafe.website\/wp-content\/uploads\/2013\/07\/fototanu_vilidar-226x300.jpg 226w\" sizes=\"auto, (max-width: 478px) 100vw, 478px\" \/><p id=\"caption-attachment-23866\" class=\"wp-caption-text\">Fot\u00f3: Vilid\u00e1r Istv\u00e1n<\/p><\/div>\n<p>Nagyv\u00e1radi fot\u00f3s volt ennek az \u00e9letk\u00e9pnek a k\u00e9sz\u00edt\u0151je, aki az erd\u00e9lyi fot\u00f3mozgalom serkent\u0151je \u00e9s egyben veter\u00e1nja volt a hatvanas-hetvenes \u00e9vekben.<!--more--><\/p>\n<p>\u00c9rdekes m\u00f3don, kor\u00e1bban b\u00e1bozott, sz\u00ednj\u00e1tsz\u00f3i amb\u00edci\u00f3i voltak, k\u00e9s\u0151bb szeg\u0151d\u00f6tt el fot\u00f3riporternek volt a helyi magyar laphoz. \u00c9s akkor r\u00e1j\u00f6tt, hogy v\u00e9gre, megtal\u00e1lta \u00e9lete \u00e9rtelm\u00e9t.<\/p>\n<p>\u00c9letv\u00edd\u00e1m, t\u00e1rsas\u00e1gi fick\u00f3 volt <strong>Vilid\u00e1r Istv\u00e1n<\/strong>, sosem unatkoztam, amikor s\u00f6t\u00e9tkamr\u00e1j\u00e1ba z\u00e1rk\u00f3zva mes\u00e9lte terepj\u00e1r\u00f3 kalandjait, mik\u00f6zben a napi penzumot nagy\u00edtotta le, majd h\u00edvta el\u0151, sz\u00e1r\u00edtotta s v\u00e1gta a megfelel\u0151 m\u00e9retre.<\/p>\n<p>Igazi riporterk\u00e9nt mindig ellesett egy gesztust, egy meglep\u0151 jelenetet, egy fintort, mosolyt vagy szomor\u00fa pillanatot, egy finom form\u00e1t, egy hajlatot, vonalakat, \u00e1rnyalatokat. H\u00edresek voltak \u00edr\u00f3portr\u00e9i, biztosan gazdag t\u00e9ka maradt ut\u00e1na. Rengeteg k\u00e9pet csin\u00e1lt, s k\u00e9t k\u00e9zzel sz\u00f3rta felv\u00e9teleit: vigy\u00e9tek, k\u00f6z\u00f6lj\u00e9tek, nekem m\u00e9g marad el\u00e9g, jut t\u00e1rlatra is. Sose t\u00e1voztam \u00fcres k\u00e9zzel a m\u0171term\u00e9b\u0151l&#8230;<\/p>\n<p>Azt\u00e1n egyszer csak j\u00f6tt a h\u00edr: munka k\u00f6zben halt meg, a nyolcvanas \u00e9vek elej\u00e9n. K\u00e9tszeres ragaszkod\u00e1ssal \u0151rz\u00f6m <a href=\"https:\/\/picasaweb.google.com\/vilmosfia\/VilidarIstvanPortfolioja?authkey=Gv1sRgCIOK04PknPK5VQ#\"><strong>portf\u00f3li\u00f3j\u00e1t, az itt l\u00e1that\u00f3hoz hasonl\u00f3 &#8222;mag\u00e1n-&#8221; \u00e9s &#8222;k\u00f6z\u00fcgyekkel&#8221;&#8230;<\/strong><\/a><\/p>\n<p style=\"text-align: right;\"><em><strong>Cseke G\u00e1bor<\/strong><\/em><\/p>\n<p>(Forr\u00e1s: <a href=\"http:\/\/fototanu.blogspot.ca\/2009\/06\/maganugyek.html\"><em>Fot\u00f3tan\u00fa<\/em><\/a>)<\/p>\n","protected":false},"excerpt":{"rendered":"<p>Nagyv\u00e1radi fot\u00f3s volt ennek az \u00e9letk\u00e9pnek a k\u00e9sz\u00edt\u0151je, aki az erd\u00e9lyi fot\u00f3mozgalom serkent\u0151je \u00e9s egyben veter\u00e1nja volt a hatvanas-hetvenes \u00e9vekben.<\/p>\n","protected":false},"author":3,"featured_media":0,"comment_status":"open","ping_status":"open","sticky":false,"template":"","format":"standard","meta":{"_monsterinsights_skip_tracking":false,"_monsterinsights_sitenote_active":false,"_monsterinsights_sitenote_note":"","_monsterinsights_sitenote_category":0,"ngg_post_thumbnail":0,"footnotes":""},"categories":[5],"tags":[],"class_list":["post-23863","post","type-post","status-publish","format-standard","hentry","category-foto"],"_links":{"self":[{"href":"https:\/\/ujkafe.website\/index.php?rest_route=\/wp\/v2\/posts\/23863","targetHints":{"allow":["GET"]}}],"collection":[{"href":"https:\/\/ujkafe.website\/index.php?rest_route=\/wp\/v2\/posts"}],"about":[{"href":"https:\/\/ujkafe.website\/index.php?rest_route=\/wp\/v2\/types\/post"}],"author":[{"embeddable":true,"href":"https:\/\/ujkafe.website\/index.php?rest_route=\/wp\/v2\/users\/3"}],"replies":[{"embeddable":true,"href":"https:\/\/ujkafe.website\/index.php?rest_route=%2Fwp%2Fv2%2Fcomments&post=23863"}],"version-history":[{"count":0,"href":"https:\/\/ujkafe.website\/index.php?rest_route=\/wp\/v2\/posts\/23863\/revisions"}],"wp:attachment":[{"href":"https:\/\/ujkafe.website\/index.php?rest_route=%2Fwp%2Fv2%2Fmedia&parent=23863"}],"wp:term":[{"taxonomy":"category","embeddable":true,"href":"https:\/\/ujkafe.website\/index.php?rest_route=%2Fwp%2Fv2%2Fcategories&post=23863"},{"taxonomy":"post_tag","embeddable":true,"href":"https:\/\/ujkafe.website\/index.php?rest_route=%2Fwp%2Fv2%2Ftags&post=23863"}],"curies":[{"name":"wp","href":"https:\/\/api.w.org\/{rel}","templated":true}]}}