
{"id":23906,"date":"2013-07-03T09:37:00","date_gmt":"2013-07-03T09:37:00","guid":{"rendered":"https:\/\/ujkafe.website\/?p=23906"},"modified":"2013-07-03T09:37:00","modified_gmt":"2013-07-03T09:37:00","slug":"piheno","status":"publish","type":"post","link":"https:\/\/ujkafe.website\/?p=23906","title":{"rendered":"Pihen\u0151"},"content":{"rendered":"<div id=\"attachment_23913\" style=\"width: 624px\" class=\"wp-caption alignnone\"><img loading=\"lazy\" decoding=\"async\" aria-describedby=\"caption-attachment-23913\" class=\" wp-image-23913\" alt=\"Piheno * Feleki Istv\u00e1n fot\u00f3ja * Elore-Cseke archivum\" src=\"https:\/\/ujkafe.website\/wp-content\/uploads\/2013\/07\/fototanu_feleki_istvan_06.jpg\" width=\"614\" height=\"404\" srcset=\"https:\/\/ujkafe.website\/wp-content\/uploads\/2013\/07\/fototanu_feleki_istvan_06.jpg 1024w, https:\/\/ujkafe.website\/wp-content\/uploads\/2013\/07\/fototanu_feleki_istvan_06-300x197.jpg 300w\" sizes=\"auto, (max-width: 614px) 100vw, 614px\" \/><p id=\"caption-attachment-23913\" class=\"wp-caption-text\">Fot\u00f3: Felekei Istv\u00e1n<\/p><\/div>\n<p>Besz\u00e9l\u0151 k\u00e9p a<strong> Feleki Istv\u00e1n<\/strong>\u00e9 &#8211; olyan, ami nem csak elmondja nek\u00fcnk a t\u00f6rt\u00e9netet, hanem hangja, szaga, h\u0151m\u00e9rs\u00e9klete is van. Olyan, amit megl\u00e1tva mindj\u00e1rt \u00e9rezni is lehet azt, ami kisug\u00e1rzik bel\u0151le.<!--more--><\/p>\n<p><a href=\"https:\/\/picasaweb.google.com\/vilmosfia\/FelekiIstvanPortfolioja?authkey=Gv1sRgCJD9z9ext6i23AE#\"><strong>Csak r\u00e9gi k\u00e9peket \u0151rz\u00f6k t\u0151le<\/strong><\/a>. Olyan harminc-negyven \u00e9ve k\u00e9sz\u00fclteket. Amilyeneket akkor nekem k\u00fcld\u00f6tt az Ifj\u00famunk\u00e1shoz, majd az El\u0151r\u00e9hez. Sz\u00e1nd\u00e9kosan nem vagdostam k\u00f6rbe a rudiment\u00e1ris keretet, mert \u00fagy v\u00e9lem, sz\u00e1ntsz\u00e1nd\u00e9kkal k\u00e9sz\u00fclt ilyenn\u00e9. (Akkoriban nem a k\u00e9pszerkeszt\u0151 program keretezett, hanem a tuskih\u00faz\u00f3 \u00e9s a filctoll.)<\/p>\n<p>A keret kell, mert j\u00f3l le- \u00e9s bez\u00e1rja a t\u00f6rt\u00e9netet a jelenre ny\u00edl\u00f3 m\u00falt id\u0151be, amikor \u00e9ppen h\u00e9t\u00e1gra s\u00fct a nap a hegyoldalon, az emberfia \u00e9ppen pihen, tal\u00e1n v\u00e9gleg meg\u00e9rkezett \u00fatic\u00e9lj\u00e1hoz, de meglehet, hogy innen is tov\u00e1bb\u00e1ll, miut\u00e1n megpihentette gyalogl\u00e1st\u00f3l elgy\u00f6t\u00f6rt l\u00e1b\u00e1t, megsz\u00e1rogatta beviz\u00fclt zoknij\u00e1t, bakancs\u00e1t, \u00e9s \u00e9rezni a naps\u00fct\u00e9st, a t\u00e1volban besz\u00e9lget\u0151k cs\u00f6ndes, tompa vit\u00e1j\u00e1b\u00f3l is kisz\u0171r\u0151dik n\u00e9mi hangoss\u00e1g, hegyi \u00e9rdess\u00e9g, minden g\u0151z\u00f6l\u00f6g, kit\u00e1rulkozik, ellazul, aminek kell, s mindenek el\u0151tt a lecsupasz\u00edtott l\u00e1b pihen, az, ami mindannyiunkat tovahordoz. A kincs, amire akkor kezd\u00fcnk igaz\u00e1n figyelni, ha f\u00e1jni kezd, vagy m\u00e1r csak a helye &#8211; a hi\u00e1nya sajog.<\/p>\n<p style=\"text-align: right;\"><em><strong>Cseke G\u00e1bor<\/strong><\/em><\/p>\n<p>(Forr\u00e1s: <a href=\"http:\/\/fototanu.blogspot.ro\">Fot\u00f3tan\u00fa<\/a>)<\/p>\n","protected":false},"excerpt":{"rendered":"<p>Besz\u00e9l\u0151 k\u00e9p a Feleki Istv\u00e1n\u00e9 &#8211; olyan, ami nem csak elmondja nek\u00fcnk a t\u00f6rt\u00e9netet, hanem hangja, szaga, h\u0151m\u00e9rs\u00e9klete is van. Olyan, amit megl\u00e1tva mindj\u00e1rt \u00e9rezni is lehet azt, ami kisug\u00e1rzik bel\u0151le.<\/p>\n","protected":false},"author":3,"featured_media":0,"comment_status":"open","ping_status":"open","sticky":false,"template":"","format":"standard","meta":{"_monsterinsights_skip_tracking":false,"_monsterinsights_sitenote_active":false,"_monsterinsights_sitenote_note":"","_monsterinsights_sitenote_category":0,"ngg_post_thumbnail":0,"footnotes":""},"categories":[5],"tags":[],"class_list":["post-23906","post","type-post","status-publish","format-standard","hentry","category-foto"],"_links":{"self":[{"href":"https:\/\/ujkafe.website\/index.php?rest_route=\/wp\/v2\/posts\/23906","targetHints":{"allow":["GET"]}}],"collection":[{"href":"https:\/\/ujkafe.website\/index.php?rest_route=\/wp\/v2\/posts"}],"about":[{"href":"https:\/\/ujkafe.website\/index.php?rest_route=\/wp\/v2\/types\/post"}],"author":[{"embeddable":true,"href":"https:\/\/ujkafe.website\/index.php?rest_route=\/wp\/v2\/users\/3"}],"replies":[{"embeddable":true,"href":"https:\/\/ujkafe.website\/index.php?rest_route=%2Fwp%2Fv2%2Fcomments&post=23906"}],"version-history":[{"count":0,"href":"https:\/\/ujkafe.website\/index.php?rest_route=\/wp\/v2\/posts\/23906\/revisions"}],"wp:attachment":[{"href":"https:\/\/ujkafe.website\/index.php?rest_route=%2Fwp%2Fv2%2Fmedia&parent=23906"}],"wp:term":[{"taxonomy":"category","embeddable":true,"href":"https:\/\/ujkafe.website\/index.php?rest_route=%2Fwp%2Fv2%2Fcategories&post=23906"},{"taxonomy":"post_tag","embeddable":true,"href":"https:\/\/ujkafe.website\/index.php?rest_route=%2Fwp%2Fv2%2Ftags&post=23906"}],"curies":[{"name":"wp","href":"https:\/\/api.w.org\/{rel}","templated":true}]}}