
{"id":23957,"date":"2013-07-05T09:42:31","date_gmt":"2013-07-05T09:42:31","guid":{"rendered":"https:\/\/ujkafe.website\/?p=23957"},"modified":"2013-07-05T09:43:44","modified_gmt":"2013-07-05T09:43:44","slug":"purdek","status":"publish","type":"post","link":"https:\/\/ujkafe.website\/?p=23957","title":{"rendered":"Purd\u00e9k"},"content":{"rendered":"<div id=\"attachment_23962\" style=\"width: 627px\" class=\"wp-caption alignnone\"><img loading=\"lazy\" decoding=\"async\" aria-describedby=\"caption-attachment-23962\" class=\" wp-image-23962\" alt=\"fototanu_purdek\" src=\"https:\/\/ujkafe.website\/wp-content\/uploads\/2013\/07\/fototanu_purdek.jpg\" width=\"617\" height=\"400\" srcset=\"https:\/\/ujkafe.website\/wp-content\/uploads\/2013\/07\/fototanu_purdek.jpg 1028w, https:\/\/ujkafe.website\/wp-content\/uploads\/2013\/07\/fototanu_purdek-300x194.jpg 300w, https:\/\/ujkafe.website\/wp-content\/uploads\/2013\/07\/fototanu_purdek-1024x663.jpg 1024w\" sizes=\"auto, (max-width: 617px) 100vw, 617px\" \/><p id=\"caption-attachment-23962\" class=\"wp-caption-text\">Fot\u00f3 Escher K\u00e1roly<\/p><\/div>\n<p>Ez az aranyos barna, patin\u00e1snak hat\u00f3, k\u00fcl\u00f6nleges ragyog\u00e1s\u00fa fot\u00f3 messzir\u0151l el\u00e1rulja, hogy a meglehet\u0151sen hossz\u00fa \u00e9let\u0171, de 1939-ben sajn\u00e1latosan kim\u00falt &#8211; \u00e9s az\u00f3ta t\u00f6bb\u00e9 semmilyen form\u00e1ban f\u00f6l nem t\u00e1madt &#8211; Pesti Napl\u00f3 m\u0171hely\u00e9b\u0151l ker\u00fclt ki<!--more-->. Pillanatnyilag nem tudn\u00e1m megmondani pontosan, ki a szerz\u0151je, mert a k\u00e9p egy k\u00f6lcs\u00f6nkapott, \u00fct\u00f6tt-kopott albumban tal\u00e1lhat\u00f3 (A nyolcvan \u00e9ves Pesti Napl\u00f3 aj\u00e1nd\u00e9kalbuma, 1850-1930), amely rengeteg k\u00e9ppel \u00e9s a minim\u00e1lisn\u00e1l is kevesebb sz\u00f6veggel mondja el, hogy tulajdonk\u00e9ppen mi a helyzet Magyarorsz\u00e1gon a jubileum pillanat\u00e1ban. Term\u00e9szetesen, a k\u00e9pi h\u00edrad\u00e1sban benne foglaltatik az eltelt 80 esztend\u0151 minden f\u0151bb mozzanata &#8211; meglehet\u0151sen kincst\u00e1ri \u00e9s sikerlelt\u00e1roz\u00f3 szemmel -, de a l\u00e9nyeg, hogy a k\u00e9peket a lap k\u00f6r\u00fcl csoportosul\u00f3, akkori legjobb magyar fotogr\u00e1fusok k\u00e9sz\u00edtett\u00e9k. A Pesti Napl\u00f3 ugyanis h\u00edres volt arr\u00f3l, hogy nem csup\u00e1n egy lap, hanem egy eg\u00e9sz m\u0171vel\u0151d\u00e9si \u00e9s korszer\u0171 \u00e9letm\u00f3dkialak\u00edt\u00e1si int\u00e9zm\u00e9ny is. \u00cdgy mindaz, amit fot\u00f3ban produk\u00e1lt, egy\u00fattal m\u00e9rce is volt \u00e9s marad a magyar fotogr\u00e1fi\u00e1ban.<\/p>\n<p><em>&#8222;Meghat\u00e1roz\u00f3 szerepe volt a lapn\u00e1l Balogh Rudolfnak, a hazai fot\u00f3riporterek doyenj\u00e9nek, de a lapn\u00e1l dolgozott a h\u00faszas \u00e9vek v\u00e9g\u00e9ig Munk\u00e1csi M\u00e1rton is, aki eleinte sportfotogr\u00e1fi\u00e1ival t\u0171nt ki. Munk\u00e1csi k\u00e9s\u0151bb, amikor N\u00e9metorsz\u00e1gban, majd Amerik\u00e1ban keresett \u00e9s j\u00f3l keres\u0151 fotogr\u00e1fus lett, sokszor k\u00fcld\u00f6tt k\u00e9peket a lapnak, ahol ezek rendre megjelentek. Rajta k\u00edv\u00fcl Aigner L\u00e1szl\u00f3t\u00f3l, az Est-lapok p\u00e1rizsi tud\u00f3s\u00edt\u00f3j\u00e1t\u00f3l k\u00f6z\u00f6ltek rendszeresen n\u00e9vvel jegyzett k\u00fclf\u00f6ldi k\u00e9pes tud\u00f3s\u00edt\u00e1sokat a lapban. Az \u00e9vtized k\u00f6zep\u00e9ig m\u00e9g a Pesti Napl\u00f3-n\u00e1l dolgoz\u00f3 Balogh Rudolf mellett t\u0171nt fel az 1920-as \u00e9vek v\u00e9g\u00e9t\u0151l Escher K\u00e1roly jobbn\u00e1l jobb k\u00e9priportjaival, \u00e9s lett meghat\u00e1roz\u00f3 fotogr\u00e1fusa a k\u00e9pmell\u00e9kletnek. A mell\u00e9klet friss\u00edt\u00e9s\u00e9re id\u0151nk\u00e9nt amat\u0151r f\u00e9nyk\u00e9pp\u00e1ly\u00e1zatokat hirdettek a lapban&#8221;<\/em> &#8211; tudjuk meg <a href=\"http:\/\/www.vintage.hu\/modern\/pestinaplo\/text.htm#magyar\"><strong>Stemlern\u00e9 Balog Ilona tanulm\u00e1ny\u00e1b\u00f3l<\/strong><\/a>, amely a Napl\u00f3 fot\u00f3teljes\u00edtm\u00e9ny\u00e9t elemzi, \u00e9s ennek nyom\u00e1n megkock\u00e1ztatom azt a feltev\u00e9st, hogy a purd\u00e9s k\u00e9p szerz\u0151je nem m\u00e1s, mint<strong> Escher K\u00e1roly<\/strong>, aki a magyar val\u00f3s\u00e1g annyi remek k\u00e9ptan\u00fas\u00e1g\u00e1t hagyta az ut\u00f3korra.<\/p>\n<p style=\"text-align: right;\"><em><strong>Cseke G\u00e1bor<\/strong><\/em><\/p>\n<p>(Forr\u00e1s: <a href=\"http:\/\/fototanu.blogspot.ro\"><em>Fot\u00f3tan\u00fa<\/em><\/a>)<\/p>\n","protected":false},"excerpt":{"rendered":"<p>Ez az aranyos barna, patin\u00e1snak hat\u00f3, k\u00fcl\u00f6nleges ragyog\u00e1s\u00fa fot\u00f3 messzir\u0151l el\u00e1rulja, hogy a meglehet\u0151sen hossz\u00fa \u00e9let\u0171, de 1939-ben sajn\u00e1latosan kim\u00falt &#8211; \u00e9s az\u00f3ta t\u00f6bb\u00e9 semmilyen form\u00e1ban f\u00f6l nem t\u00e1madt &#8211; Pesti Napl\u00f3 m\u0171hely\u00e9b\u0151l ker\u00fclt ki<\/p>\n","protected":false},"author":3,"featured_media":0,"comment_status":"open","ping_status":"open","sticky":false,"template":"","format":"standard","meta":{"_monsterinsights_skip_tracking":false,"_monsterinsights_sitenote_active":false,"_monsterinsights_sitenote_note":"","_monsterinsights_sitenote_category":0,"ngg_post_thumbnail":0,"footnotes":""},"categories":[5],"tags":[],"class_list":["post-23957","post","type-post","status-publish","format-standard","hentry","category-foto"],"_links":{"self":[{"href":"https:\/\/ujkafe.website\/index.php?rest_route=\/wp\/v2\/posts\/23957","targetHints":{"allow":["GET"]}}],"collection":[{"href":"https:\/\/ujkafe.website\/index.php?rest_route=\/wp\/v2\/posts"}],"about":[{"href":"https:\/\/ujkafe.website\/index.php?rest_route=\/wp\/v2\/types\/post"}],"author":[{"embeddable":true,"href":"https:\/\/ujkafe.website\/index.php?rest_route=\/wp\/v2\/users\/3"}],"replies":[{"embeddable":true,"href":"https:\/\/ujkafe.website\/index.php?rest_route=%2Fwp%2Fv2%2Fcomments&post=23957"}],"version-history":[{"count":0,"href":"https:\/\/ujkafe.website\/index.php?rest_route=\/wp\/v2\/posts\/23957\/revisions"}],"wp:attachment":[{"href":"https:\/\/ujkafe.website\/index.php?rest_route=%2Fwp%2Fv2%2Fmedia&parent=23957"}],"wp:term":[{"taxonomy":"category","embeddable":true,"href":"https:\/\/ujkafe.website\/index.php?rest_route=%2Fwp%2Fv2%2Fcategories&post=23957"},{"taxonomy":"post_tag","embeddable":true,"href":"https:\/\/ujkafe.website\/index.php?rest_route=%2Fwp%2Fv2%2Ftags&post=23957"}],"curies":[{"name":"wp","href":"https:\/\/api.w.org\/{rel}","templated":true}]}}