
{"id":24016,"date":"2013-07-07T01:55:16","date_gmt":"2013-07-07T01:55:16","guid":{"rendered":"https:\/\/ujkafe.website\/?p=24016"},"modified":"2013-07-07T01:55:16","modified_gmt":"2013-07-07T01:55:16","slug":"adam-gyula-ezer-szekely-leany-napja-2013","status":"publish","type":"post","link":"https:\/\/ujkafe.website\/?p=24016","title":{"rendered":"\u00c1d\u00e1m Gyula: Ezer sz\u00e9kely le\u00e1ny napja, 2013"},"content":{"rendered":"ngg_shortcode_0_placeholder\n<p>A szekelyhon.ro szerint az idei Ezer sz\u00e9kely le\u00e1ny napja szombati rendezv\u00e9ny\u00e9n k\u00e9t \u00e9s f\u00e9lezer sz\u00e9kelyruh\u00e1st regisztr\u00e1ltak. Br\u00e1v\u00f3!<\/p>\n","protected":false},"excerpt":{"rendered":"<p>A szekelyhon.ro szerint az idei Ezer sz\u00e9kely le\u00e1ny napja szombati rendezv\u00e9ny\u00e9n k\u00e9t \u00e9s f\u00e9lezer sz\u00e9kelyruh\u00e1st regisztr\u00e1ltak. Br\u00e1v\u00f3!<\/p>\n","protected":false},"author":3,"featured_media":0,"comment_status":"open","ping_status":"open","sticky":false,"template":"","format":"standard","meta":{"_monsterinsights_skip_tracking":false,"_monsterinsights_sitenote_active":false,"_monsterinsights_sitenote_note":"","_monsterinsights_sitenote_category":0,"ngg_post_thumbnail":0,"footnotes":""},"categories":[5],"tags":[],"class_list":["post-24016","post","type-post","status-publish","format-standard","hentry","category-foto"],"_links":{"self":[{"href":"https:\/\/ujkafe.website\/index.php?rest_route=\/wp\/v2\/posts\/24016","targetHints":{"allow":["GET"]}}],"collection":[{"href":"https:\/\/ujkafe.website\/index.php?rest_route=\/wp\/v2\/posts"}],"about":[{"href":"https:\/\/ujkafe.website\/index.php?rest_route=\/wp\/v2\/types\/post"}],"author":[{"embeddable":true,"href":"https:\/\/ujkafe.website\/index.php?rest_route=\/wp\/v2\/users\/3"}],"replies":[{"embeddable":true,"href":"https:\/\/ujkafe.website\/index.php?rest_route=%2Fwp%2Fv2%2Fcomments&post=24016"}],"version-history":[{"count":0,"href":"https:\/\/ujkafe.website\/index.php?rest_route=\/wp\/v2\/posts\/24016\/revisions"}],"wp:attachment":[{"href":"https:\/\/ujkafe.website\/index.php?rest_route=%2Fwp%2Fv2%2Fmedia&parent=24016"}],"wp:term":[{"taxonomy":"category","embeddable":true,"href":"https:\/\/ujkafe.website\/index.php?rest_route=%2Fwp%2Fv2%2Fcategories&post=24016"},{"taxonomy":"post_tag","embeddable":true,"href":"https:\/\/ujkafe.website\/index.php?rest_route=%2Fwp%2Fv2%2Ftags&post=24016"}],"curies":[{"name":"wp","href":"https:\/\/api.w.org\/{rel}","templated":true}]}}