
{"id":24043,"date":"2013-07-08T09:18:10","date_gmt":"2013-07-08T09:18:10","guid":{"rendered":"https:\/\/ujkafe.website\/?p=24043"},"modified":"2013-07-08T09:18:10","modified_gmt":"2013-07-08T09:18:10","slug":"felszegiek","status":"publish","type":"post","link":"https:\/\/ujkafe.website\/?p=24043","title":{"rendered":"Felszegiek"},"content":{"rendered":"<div id=\"attachment_24047\" style=\"width: 627px\" class=\"wp-caption alignnone\"><img loading=\"lazy\" decoding=\"async\" aria-describedby=\"caption-attachment-24047\" class=\" wp-image-24047\" alt=\"fototanu_molnarattila_felszegiek\" src=\"https:\/\/ujkafe.website\/wp-content\/uploads\/2013\/07\/fototanu_molnarattila_felszegiek.jpg\" width=\"617\" height=\"463\" srcset=\"https:\/\/ujkafe.website\/wp-content\/uploads\/2013\/07\/fototanu_molnarattila_felszegiek.jpg 1028w, https:\/\/ujkafe.website\/wp-content\/uploads\/2013\/07\/fototanu_molnarattila_felszegiek-300x225.jpg 300w, https:\/\/ujkafe.website\/wp-content\/uploads\/2013\/07\/fototanu_molnarattila_felszegiek-1024x768.jpg 1024w\" sizes=\"auto, (max-width: 617px) 100vw, 617px\" \/><p id=\"caption-attachment-24047\" class=\"wp-caption-text\">Fot\u00f3 Moln\u00e1r Attila<\/p><\/div>\n<p>Teker\u0151pataki arcok n\u00e9znek le r\u00e1nk a sz\u00e9les karim\u00e1j\u00fa kalapok \u00e1rny\u00e9ka m\u00e9ly\u00e9r\u0151l. Felszegiek. A fot\u00f3s, aki odaval\u00f3 &#8211; Moln\u00e1r Attila &#8211; tudja, hiszen ugyanazt a leveg\u0151t sz\u00edvja. \u00c9s nagy el\u0151szeretettel fot\u00f3zza sz\u00fcl\u0151faluj\u00e1nak l\u00e1tnival\u00f3it, k\u00e9pi eml\u00e9keit, embereit, ifj\u00fakori \u00e9lm\u00e9nyeit.<!--more--><\/p>\n<p>Az itt l\u00e1that\u00f3 felszegiek olyan laza term\u00e9szetess\u00e9ggel \u00fcltek le, hogy objekt\u00edvj\u00e9n \u00e1t k\u00e9pbe ker\u00fcljenek, mint akik hagyj\u00e1k magukat k\u00e9nyeztetni. Szt\u00e1rok \u00fclnek \u00edgy vel\u00fcnk szemben, vid\u00e1man, l\u00e1tsz\u00f3lag gondtalanul, mert minden, ami rajtuk van &#8211; \u00f6lt\u00f6z\u00e9k, arckifejez\u00e9s, gesztus, testtart\u00e1s &#8211; a magukkal el\u00e9gedett, megb\u00e9k\u00e9lt ember benyom\u00e1s\u00e1t sugallja. \u00c9s felvetik bennem a k\u00e9rd\u00e9st is: vajon, ezek az emberek sose t\u00f6prengenek? nem v\u00edv\u00f3dnak? nem gy\u00f6tr\u0151dnek lelkiekben? hogy van ez hossz\u00fa t\u00e1von, amikor innen csak a naps\u00fct\u00e9s der\u0171j\u00e9t verik vissza r\u00e1nk?<\/p>\n<p style=\"text-align: right;\"><em><strong>Cseke G\u00e1bor<\/strong><\/em><\/p>\n<p>(Forr\u00e1s: <a href=\"http:\/\/fototanu.blogspot.ro\"><em>Fot\u00f3tan\u00fa<\/em><\/a>)<\/p>\n","protected":false},"excerpt":{"rendered":"<p>Teker\u0151pataki arcok n\u00e9znek le r\u00e1nk a sz\u00e9les karim\u00e1j\u00fa kalapok \u00e1rny\u00e9ka m\u00e9ly\u00e9r\u0151l. Felszegiek. A fot\u00f3s, aki odaval\u00f3 &#8211; Moln\u00e1r Attila &#8211; tudja, hiszen ugyanazt a leveg\u0151t sz\u00edvja. \u00c9s nagy el\u0151szeretettel fot\u00f3zza sz\u00fcl\u0151faluj\u00e1nak l\u00e1tnival\u00f3it, k\u00e9pi eml\u00e9keit, embereit, ifj\u00fakori \u00e9lm\u00e9nyeit.<\/p>\n","protected":false},"author":3,"featured_media":0,"comment_status":"open","ping_status":"open","sticky":false,"template":"","format":"standard","meta":{"_monsterinsights_skip_tracking":false,"_monsterinsights_sitenote_active":false,"_monsterinsights_sitenote_note":"","_monsterinsights_sitenote_category":0,"ngg_post_thumbnail":0,"footnotes":""},"categories":[5],"tags":[],"class_list":["post-24043","post","type-post","status-publish","format-standard","hentry","category-foto"],"_links":{"self":[{"href":"https:\/\/ujkafe.website\/index.php?rest_route=\/wp\/v2\/posts\/24043","targetHints":{"allow":["GET"]}}],"collection":[{"href":"https:\/\/ujkafe.website\/index.php?rest_route=\/wp\/v2\/posts"}],"about":[{"href":"https:\/\/ujkafe.website\/index.php?rest_route=\/wp\/v2\/types\/post"}],"author":[{"embeddable":true,"href":"https:\/\/ujkafe.website\/index.php?rest_route=\/wp\/v2\/users\/3"}],"replies":[{"embeddable":true,"href":"https:\/\/ujkafe.website\/index.php?rest_route=%2Fwp%2Fv2%2Fcomments&post=24043"}],"version-history":[{"count":0,"href":"https:\/\/ujkafe.website\/index.php?rest_route=\/wp\/v2\/posts\/24043\/revisions"}],"wp:attachment":[{"href":"https:\/\/ujkafe.website\/index.php?rest_route=%2Fwp%2Fv2%2Fmedia&parent=24043"}],"wp:term":[{"taxonomy":"category","embeddable":true,"href":"https:\/\/ujkafe.website\/index.php?rest_route=%2Fwp%2Fv2%2Fcategories&post=24043"},{"taxonomy":"post_tag","embeddable":true,"href":"https:\/\/ujkafe.website\/index.php?rest_route=%2Fwp%2Fv2%2Ftags&post=24043"}],"curies":[{"name":"wp","href":"https:\/\/api.w.org\/{rel}","templated":true}]}}