
{"id":24130,"date":"2013-07-12T10:02:37","date_gmt":"2013-07-12T10:02:37","guid":{"rendered":"https:\/\/ujkafe.website\/?p=24130"},"modified":"2013-07-12T10:02:37","modified_gmt":"2013-07-12T10:02:37","slug":"szukseg","status":"publish","type":"post","link":"https:\/\/ujkafe.website\/?p=24130","title":{"rendered":"Sz\u00fcks\u00e9g"},"content":{"rendered":"<div id=\"attachment_24133\" style=\"width: 624px\" class=\"wp-caption alignnone\"><img loading=\"lazy\" decoding=\"async\" aria-describedby=\"caption-attachment-24133\" class=\" wp-image-24133\" alt=\"fototanu_klarik75\" src=\"https:\/\/ujkafe.website\/wp-content\/uploads\/2013\/07\/fototanu_klarik75.jpg\" width=\"614\" height=\"422\" srcset=\"https:\/\/ujkafe.website\/wp-content\/uploads\/2013\/07\/fototanu_klarik75.jpg 1024w, https:\/\/ujkafe.website\/wp-content\/uploads\/2013\/07\/fototanu_klarik75-300x205.jpg 300w\" sizes=\"auto, (max-width: 614px) 100vw, 614px\" \/><p id=\"caption-attachment-24133\" class=\"wp-caption-text\">Fot\u00f3 Kl\u00e1rik L\u00e1szl\u00f3<\/p><\/div>\n<p>A k\u00e9p a Kauk\u00e1zusban k\u00e9sz\u00fclt, valamikor 1992-ben. Ny\u00e1ron. Sz\u00e9kelyf\u00f6ldi fiatalok porty\u00e1ztak akkoriban az oroszorsz\u00e1gi hegyekben, k\u00f6zt\u00fck volt Kl\u00e1rik L\u00e1szl\u00f3 is, akit a Rom\u00e1niai Magyar Sz\u00f3 (is) t\u00e1mogatott.<!--more--><\/p>\n<p>A tehets\u00e9ges alpinista az\u00f3ta felhagyott a hegym\u00e1sz\u00e1ssal, s k\u00f6z\u00e9letre adta a fej\u00e9t, <a href=\"https:\/\/picasaweb.google.com\/vilmosfia\/KlarikLaszloKaukazusHegyek?authkey=Gv1sRgCLCFheeT0aTKQA#\"><strong>de annak idej\u00e9n k\u00e9sz\u00edtett sz\u00ednes (anal\u00f3g) felv\u00e9telei h\u0171en t\u00fckr\u00f6zik a cs\u00f6ppet sem k\u00f6nny\u0171 t\u00fara k\u00f6r\u00fclm\u00e9nyeit.<\/strong><\/a><\/p>\n<p>Ne gondoljuk ugyanis, hogy aki hegyet m\u00e1szik, az csup\u00e1n h\u0151s \u00e9s m\u00e1s semmi. Ember \u0151 is, esend\u0151, szarik \u00e9s fingik, meg pisil, ahogy az el\u0151 van \u00edrva, de sajnos, legt\u00f6bbsz\u00f6r nincsenek meg ehhez a term\u00e9szetes, civiliz\u00e1lt k\u00f6r\u00fclm\u00e9nyei.<\/p>\n<p>A sz\u00fcks\u00e9g\u00e9t v\u00e9gz\u0151 alpinista k\u00e9t t\u0171z k\u00f6z\u00f6tt p\u00e1rol\u00f3dik: egyr\u00e9szt, nem szabad szennyeznie a k\u00f6rnyezet\u00e9t, ez\u00e9rt kereste meg azt a j\u00f3kora j\u00e9greped\u00e9st, amelynek t\u00f6bb sz\u00e1z m\u00e9teres m\u00e9ly\u00e9n \u00fcr\u00fcl\u00e9ke majd el\u00e9gg\u00e9 t\u00e1vol ker\u00fcl a felsz\u00ednt\u0151l, m\u00e1sr\u00e9szt mindezt gyorsan \u00e9s fokozott precizit\u00e1ssal kellett m\u0171velnie, nehogy a mostoha id\u0151j\u00e1r\u00e1si viszonyok k\u00f6z\u00f6tt befagyjon a h\u00e1ts\u00f3 fele.<\/p>\n<p>A pillanat meg\u00f6r\u00f6k\u00edtve \u00e9s letudva. A k\u00e9p bizony\u00edt\u00e9k ugyan, de a rajta l\u00e9v\u0151 esem\u00e9nyek r\u00e9sztvev\u0151inek az\u00f3ta bottal \u00fcthetik a nyom\u00e1t&#8230;<\/p>\n<p style=\"text-align: right;\"><em><strong>Cseke G\u00e1bor<\/strong><\/em><\/p>\n<p>Forr\u00e1s: <a href=\"http:\/\/fototanu.blogspot.ca\/2009\/06\/szukseg.html\"><em>Fot\u00f3tan\u00fa.ro<\/em><\/a><\/p>\n","protected":false},"excerpt":{"rendered":"<p>A k\u00e9p a Kauk\u00e1zusban k\u00e9sz\u00fclt, valamikor 1992-ben. Ny\u00e1ron. Sz\u00e9kelyf\u00f6ldi fiatalok porty\u00e1ztak akkoriban az oroszorsz\u00e1gi hegyekben, k\u00f6zt\u00fck volt Kl\u00e1rik L\u00e1szl\u00f3 is, akit a Rom\u00e1niai Magyar Sz\u00f3 (is) t\u00e1mogatott.<\/p>\n","protected":false},"author":3,"featured_media":0,"comment_status":"open","ping_status":"open","sticky":false,"template":"","format":"standard","meta":{"_monsterinsights_skip_tracking":false,"_monsterinsights_sitenote_active":false,"_monsterinsights_sitenote_note":"","_monsterinsights_sitenote_category":0,"ngg_post_thumbnail":0,"footnotes":""},"categories":[5],"tags":[],"class_list":["post-24130","post","type-post","status-publish","format-standard","hentry","category-foto"],"_links":{"self":[{"href":"https:\/\/ujkafe.website\/index.php?rest_route=\/wp\/v2\/posts\/24130","targetHints":{"allow":["GET"]}}],"collection":[{"href":"https:\/\/ujkafe.website\/index.php?rest_route=\/wp\/v2\/posts"}],"about":[{"href":"https:\/\/ujkafe.website\/index.php?rest_route=\/wp\/v2\/types\/post"}],"author":[{"embeddable":true,"href":"https:\/\/ujkafe.website\/index.php?rest_route=\/wp\/v2\/users\/3"}],"replies":[{"embeddable":true,"href":"https:\/\/ujkafe.website\/index.php?rest_route=%2Fwp%2Fv2%2Fcomments&post=24130"}],"version-history":[{"count":0,"href":"https:\/\/ujkafe.website\/index.php?rest_route=\/wp\/v2\/posts\/24130\/revisions"}],"wp:attachment":[{"href":"https:\/\/ujkafe.website\/index.php?rest_route=%2Fwp%2Fv2%2Fmedia&parent=24130"}],"wp:term":[{"taxonomy":"category","embeddable":true,"href":"https:\/\/ujkafe.website\/index.php?rest_route=%2Fwp%2Fv2%2Fcategories&post=24130"},{"taxonomy":"post_tag","embeddable":true,"href":"https:\/\/ujkafe.website\/index.php?rest_route=%2Fwp%2Fv2%2Ftags&post=24130"}],"curies":[{"name":"wp","href":"https:\/\/api.w.org\/{rel}","templated":true}]}}