
{"id":24151,"date":"2013-07-13T10:18:11","date_gmt":"2013-07-13T10:18:11","guid":{"rendered":"https:\/\/ujkafe.website\/?p=24151"},"modified":"2013-07-13T10:18:11","modified_gmt":"2013-07-13T10:18:11","slug":"adam-gyula-csikszeredai-regizene-fesztival-2013-3","status":"publish","type":"post","link":"https:\/\/ujkafe.website\/?p=24151","title":{"rendered":"\u00c1d\u00e1m Gyula: Csikszeredai R\u00e9gizene Fesztiv\u00e1l, 2013 (3)"},"content":{"rendered":"<h2><strong>2. nap, 2013. j\u00falius 12 (p\u00e9ntek)<\/strong><\/h2>\n<p>A Passeggio T\u00e1ncegy\u00fcttes (Kolozsv\u00e1r), a Codex (Cs\u00edkszereda\u2013Sepsiszentgy\u00f6rgy) egy\u00fcttessel t\u00e9rzen\u00e9vel \u00e9s t\u00e1ncbemutat\u00f3val inditott\u00e1k a fesztiv\u00e1l napot a Tulip\u00e1n \u00e1ruh\u00e1z szomsz\u00e9ds\u00e1g\u00e1ban.<\/p>\n<p><img loading=\"lazy\" decoding=\"async\" class=\"alignnone  wp-image-24152\" alt=\"2_nap1\" src=\"https:\/\/ujkafe.website\/wp-content\/uploads\/2013\/07\/2_nap1.jpg\" width=\"617\" height=\"410\" srcset=\"https:\/\/ujkafe.website\/wp-content\/uploads\/2013\/07\/2_nap1.jpg 1028w, https:\/\/ujkafe.website\/wp-content\/uploads\/2013\/07\/2_nap1-300x199.jpg 300w, https:\/\/ujkafe.website\/wp-content\/uploads\/2013\/07\/2_nap1-1024x681.jpg 1024w\" sizes=\"auto, (max-width: 617px) 100vw, 617px\" \/><\/p>\n<p><!--more--><\/p>\n<p><img loading=\"lazy\" decoding=\"async\" class=\"alignnone  wp-image-24153\" alt=\"2_nap2\" src=\"https:\/\/ujkafe.website\/wp-content\/uploads\/2013\/07\/2_nap2.jpg\" width=\"617\" height=\"410\" srcset=\"https:\/\/ujkafe.website\/wp-content\/uploads\/2013\/07\/2_nap2.jpg 1028w, https:\/\/ujkafe.website\/wp-content\/uploads\/2013\/07\/2_nap2-300x199.jpg 300w, https:\/\/ujkafe.website\/wp-content\/uploads\/2013\/07\/2_nap2-1024x681.jpg 1024w\" sizes=\"auto, (max-width: 617px) 100vw, 617px\" \/><\/p>\n<p>Fiatalos vid\u00e1ms\u00e1g, nagy \u00e9rdekl\u0151d\u00e9s \u00f6vezte a\u00a0\u00a0R\u00e9gizene Ny\u00e1ri Egyetem kurzusz\u00e1r\u00f3 koncertj\u00e9t a Nagy Istv\u00e1n M\u0171v\u00e9szeti L\u00edceumban.<\/p>\n<p><img loading=\"lazy\" decoding=\"async\" class=\"alignnone  wp-image-24154\" alt=\"2_nap3\" src=\"https:\/\/ujkafe.website\/wp-content\/uploads\/2013\/07\/2_nap3.jpg\" width=\"617\" height=\"410\" srcset=\"https:\/\/ujkafe.website\/wp-content\/uploads\/2013\/07\/2_nap3.jpg 1028w, https:\/\/ujkafe.website\/wp-content\/uploads\/2013\/07\/2_nap3-300x199.jpg 300w, https:\/\/ujkafe.website\/wp-content\/uploads\/2013\/07\/2_nap3-1024x681.jpg 1024w\" sizes=\"auto, (max-width: 617px) 100vw, 617px\" \/><\/p>\n<p><img loading=\"lazy\" decoding=\"async\" class=\"alignnone  wp-image-24155\" alt=\"2_nap4\" src=\"https:\/\/ujkafe.website\/wp-content\/uploads\/2013\/07\/2_nap4.jpg\" width=\"617\" height=\"410\" srcset=\"https:\/\/ujkafe.website\/wp-content\/uploads\/2013\/07\/2_nap4.jpg 1028w, https:\/\/ujkafe.website\/wp-content\/uploads\/2013\/07\/2_nap4-300x199.jpg 300w, https:\/\/ujkafe.website\/wp-content\/uploads\/2013\/07\/2_nap4-1024x681.jpg 1024w\" sizes=\"auto, (max-width: 617px) 100vw, 617px\" \/><\/p>\n<p>Az els\u0151, koraesti \u00a0koncertet a\u00a0Transylvania Barokk Egy\u00fcttes (Kolozsv\u00e1r) szolg\u00e1ltatta a reform\u00e1tus templomban.<\/p>\n<p><img loading=\"lazy\" decoding=\"async\" class=\"alignnone  wp-image-24156\" alt=\"2_nap5\" src=\"https:\/\/ujkafe.website\/wp-content\/uploads\/2013\/07\/2_nap5.jpg\" width=\"617\" height=\"410\" srcset=\"https:\/\/ujkafe.website\/wp-content\/uploads\/2013\/07\/2_nap5.jpg 1028w, https:\/\/ujkafe.website\/wp-content\/uploads\/2013\/07\/2_nap5-300x199.jpg 300w, https:\/\/ujkafe.website\/wp-content\/uploads\/2013\/07\/2_nap5-1024x681.jpg 1024w\" sizes=\"auto, (max-width: 617px) 100vw, 617px\" \/><\/p>\n<p>Az est f\u00e9nypontja a Barokk Fesztiv\u00e1lzenekar \u00e9s Fesztiv\u00e1lk\u00f3rus fell\u00e9p\u00e9se volt a Szent \u00c1goston templomban; m\u0171v\u00e9szeti vezet\u0151: Ulrike Titze (N\u00e9metorsz\u00e1g), Karnagy: Kov\u00e1cs G\u00e1bor (Szeged)<\/p>\n<p><img loading=\"lazy\" decoding=\"async\" class=\"alignnone  wp-image-24157\" alt=\"2_nap6\" src=\"https:\/\/ujkafe.website\/wp-content\/uploads\/2013\/07\/2_nap6.jpg\" width=\"617\" height=\"410\" srcset=\"https:\/\/ujkafe.website\/wp-content\/uploads\/2013\/07\/2_nap6.jpg 1028w, https:\/\/ujkafe.website\/wp-content\/uploads\/2013\/07\/2_nap6-300x199.jpg 300w, https:\/\/ujkafe.website\/wp-content\/uploads\/2013\/07\/2_nap6-1024x681.jpg 1024w\" sizes=\"auto, (max-width: 617px) 100vw, 617px\" \/><\/p>\n<p>A k\u00e9s\u0151 esti koncertre \u00e9rkez\u0151k a Mik\u00f3 v\u00e1r el\u0151tt szabadt\u00e9ri \u00f3ri\u00e1sfot\u00f3 ki\u00e1llit\u00e1st l\u00e1thattak az elm\u00falt \u00e9vek fesztiv\u00e1lrendezv\u00e9nyeir\u0151l.<\/p>\n<p><img loading=\"lazy\" decoding=\"async\" class=\"alignnone  wp-image-24158\" alt=\"2_nap7\" src=\"https:\/\/ujkafe.website\/wp-content\/uploads\/2013\/07\/2_nap7.jpg\" width=\"617\" height=\"350\" srcset=\"https:\/\/ujkafe.website\/wp-content\/uploads\/2013\/07\/2_nap7.jpg 1028w, https:\/\/ujkafe.website\/wp-content\/uploads\/2013\/07\/2_nap7-300x170.jpg 300w, https:\/\/ujkafe.website\/wp-content\/uploads\/2013\/07\/2_nap7-1024x581.jpg 1024w\" sizes=\"auto, (max-width: 617px) 100vw, 617px\" \/><\/p>\n<p>A Mik\u00f3 v\u00e1r pinceklubj\u00e1ban K\u00f3nya Istv\u00e1n (Budapest) renesz\u00e1nsz lantja biztositotta z aznapi &#8222;altat\u00f3 koncertet&#8221;.<\/p>\n<p><img loading=\"lazy\" decoding=\"async\" class=\"alignnone  wp-image-24159\" alt=\"2_nap8\" src=\"https:\/\/ujkafe.website\/wp-content\/uploads\/2013\/07\/2_nap8.jpg\" width=\"617\" height=\"419\" srcset=\"https:\/\/ujkafe.website\/wp-content\/uploads\/2013\/07\/2_nap8.jpg 1028w, https:\/\/ujkafe.website\/wp-content\/uploads\/2013\/07\/2_nap8-300x203.jpg 300w, https:\/\/ujkafe.website\/wp-content\/uploads\/2013\/07\/2_nap8-1024x695.jpg 1024w\" sizes=\"auto, (max-width: 617px) 100vw, 617px\" \/><\/p>\n","protected":false},"excerpt":{"rendered":"<p>2. nap, 2013. j\u00falius 12 (p\u00e9ntek) A Passeggio T\u00e1ncegy\u00fcttes (Kolozsv\u00e1r), a Codex (Cs\u00edkszereda\u2013Sepsiszentgy\u00f6rgy) egy\u00fcttessel t\u00e9rzen\u00e9vel \u00e9s t\u00e1ncbemutat\u00f3val inditott\u00e1k a fesztiv\u00e1l napot a Tulip\u00e1n \u00e1ruh\u00e1z szomsz\u00e9ds\u00e1g\u00e1ban.<\/p>\n","protected":false},"author":3,"featured_media":0,"comment_status":"open","ping_status":"open","sticky":false,"template":"","format":"standard","meta":{"_monsterinsights_skip_tracking":false,"_monsterinsights_sitenote_active":false,"_monsterinsights_sitenote_note":"","_monsterinsights_sitenote_category":0,"ngg_post_thumbnail":0,"footnotes":""},"categories":[5],"tags":[],"class_list":["post-24151","post","type-post","status-publish","format-standard","hentry","category-foto"],"_links":{"self":[{"href":"https:\/\/ujkafe.website\/index.php?rest_route=\/wp\/v2\/posts\/24151","targetHints":{"allow":["GET"]}}],"collection":[{"href":"https:\/\/ujkafe.website\/index.php?rest_route=\/wp\/v2\/posts"}],"about":[{"href":"https:\/\/ujkafe.website\/index.php?rest_route=\/wp\/v2\/types\/post"}],"author":[{"embeddable":true,"href":"https:\/\/ujkafe.website\/index.php?rest_route=\/wp\/v2\/users\/3"}],"replies":[{"embeddable":true,"href":"https:\/\/ujkafe.website\/index.php?rest_route=%2Fwp%2Fv2%2Fcomments&post=24151"}],"version-history":[{"count":0,"href":"https:\/\/ujkafe.website\/index.php?rest_route=\/wp\/v2\/posts\/24151\/revisions"}],"wp:attachment":[{"href":"https:\/\/ujkafe.website\/index.php?rest_route=%2Fwp%2Fv2%2Fmedia&parent=24151"}],"wp:term":[{"taxonomy":"category","embeddable":true,"href":"https:\/\/ujkafe.website\/index.php?rest_route=%2Fwp%2Fv2%2Fcategories&post=24151"},{"taxonomy":"post_tag","embeddable":true,"href":"https:\/\/ujkafe.website\/index.php?rest_route=%2Fwp%2Fv2%2Ftags&post=24151"}],"curies":[{"name":"wp","href":"https:\/\/api.w.org\/{rel}","templated":true}]}}