
{"id":24163,"date":"2013-07-14T10:13:42","date_gmt":"2013-07-14T10:13:42","guid":{"rendered":"https:\/\/ujkafe.website\/?p=24163"},"modified":"2013-07-14T10:13:42","modified_gmt":"2013-07-14T10:13:42","slug":"adam-gyula-csikszeredai-regizene-fesztival-2013-4","status":"publish","type":"post","link":"https:\/\/ujkafe.website\/?p=24163","title":{"rendered":"\u00c1d\u00e1m Gyula: Csikszeredai R\u00e9gizene Fesztiv\u00e1l, 2013 (4)"},"content":{"rendered":"<h2><strong>3. nap, j\u00falius 13 (szombat)<\/strong><\/h2>\n<p>A szombat d\u00e9lel\u0151tt\u00f6t, a hagyom\u00e1nyoknak megfelel\u0151en, Renesz\u00e1nsz gyermeknapk\u00e9nt rendezt\u00e9k meg a szervez\u0151k: j\u00e1tsz\u00f3h\u00e1zzal, b\u00e1bszinh\u00e1zzal, vid\u00e1m szabadt\u00e9ri zen\u00e9vel.<\/p>\n<p><img loading=\"lazy\" decoding=\"async\" class=\"alignnone  wp-image-24167\" alt=\"3regi1\" src=\"https:\/\/ujkafe.website\/wp-content\/uploads\/2013\/07\/3regi1.jpg\" width=\"617\" height=\"410\" srcset=\"https:\/\/ujkafe.website\/wp-content\/uploads\/2013\/07\/3regi1.jpg 1028w, https:\/\/ujkafe.website\/wp-content\/uploads\/2013\/07\/3regi1-300x199.jpg 300w, https:\/\/ujkafe.website\/wp-content\/uploads\/2013\/07\/3regi1-1024x681.jpg 1024w\" sizes=\"auto, (max-width: 617px) 100vw, 617px\" \/><\/p>\n<p><!--more--><\/p>\n<p><img loading=\"lazy\" decoding=\"async\" class=\"alignnone  wp-image-24168\" alt=\"3regi2\" src=\"https:\/\/ujkafe.website\/wp-content\/uploads\/2013\/07\/3regi2.jpg\" width=\"403\" height=\"606\" srcset=\"https:\/\/ujkafe.website\/wp-content\/uploads\/2013\/07\/3regi2.jpg 504w, https:\/\/ujkafe.website\/wp-content\/uploads\/2013\/07\/3regi2-199x300.jpg 199w\" sizes=\"auto, (max-width: 403px) 100vw, 403px\" \/><\/p>\n<p><img loading=\"lazy\" decoding=\"async\" class=\"alignnone  wp-image-24177\" alt=\"3regi2b\" src=\"https:\/\/ujkafe.website\/wp-content\/uploads\/2013\/07\/3regi2b1.jpg\" width=\"617\" height=\"410\" srcset=\"https:\/\/ujkafe.website\/wp-content\/uploads\/2013\/07\/3regi2b1.jpg 1028w, https:\/\/ujkafe.website\/wp-content\/uploads\/2013\/07\/3regi2b1-300x199.jpg 300w, https:\/\/ujkafe.website\/wp-content\/uploads\/2013\/07\/3regi2b1-1024x681.jpg 1024w\" sizes=\"auto, (max-width: 617px) 100vw, 617px\" \/><\/p>\n<p><img loading=\"lazy\" decoding=\"async\" class=\"alignnone  wp-image-24170\" alt=\"3regi3\" src=\"https:\/\/ujkafe.website\/wp-content\/uploads\/2013\/07\/3regi3.jpg\" width=\"617\" height=\"410\" srcset=\"https:\/\/ujkafe.website\/wp-content\/uploads\/2013\/07\/3regi3.jpg 1028w, https:\/\/ujkafe.website\/wp-content\/uploads\/2013\/07\/3regi3-300x199.jpg 300w, https:\/\/ujkafe.website\/wp-content\/uploads\/2013\/07\/3regi3-1024x681.jpg 1024w\" sizes=\"auto, (max-width: 617px) 100vw, 617px\" \/><\/p>\n<p>A t\u00e9rmuzsik\u00e1l\u00e1s e napon sem hi\u00e1nyzott: ez\u00fattal a csikszeredai Kaufland nagy\u00e1ruh\u00e1z parkol\u00f3ja szolg\u00e1ltatta a zen\u00e9szeknek (Musica Historica) mind a helyszint, mind a k\u00f6z\u00f6ns\u00e9get.<\/p>\n<p><img loading=\"lazy\" decoding=\"async\" class=\"alignnone  wp-image-24171\" alt=\"3regi4\" src=\"https:\/\/ujkafe.website\/wp-content\/uploads\/2013\/07\/3regi4.jpg\" width=\"617\" height=\"340\" srcset=\"https:\/\/ujkafe.website\/wp-content\/uploads\/2013\/07\/3regi4.jpg 1028w, https:\/\/ujkafe.website\/wp-content\/uploads\/2013\/07\/3regi4-300x165.jpg 300w, https:\/\/ujkafe.website\/wp-content\/uploads\/2013\/07\/3regi4-1024x564.jpg 1024w\" sizes=\"auto, (max-width: 617px) 100vw, 617px\" \/><\/p>\n<p>A d\u00e9lut\u00e1ni fell\u00e9p\u0151k k\u00f6z\u00fcl a\u00a0Carmina Renascentia (Nagyk\u00e1roly) nyitott m\u0171sort.<\/p>\n<p><img loading=\"lazy\" decoding=\"async\" class=\"alignnone  wp-image-24173\" alt=\"3regi5b\" src=\"https:\/\/ujkafe.website\/wp-content\/uploads\/2013\/07\/3regi5b.jpg\" width=\"619\" height=\"413\" srcset=\"https:\/\/ujkafe.website\/wp-content\/uploads\/2013\/07\/3regi5b.jpg 1032w, https:\/\/ujkafe.website\/wp-content\/uploads\/2013\/07\/3regi5b-300x200.jpg 300w, https:\/\/ujkafe.website\/wp-content\/uploads\/2013\/07\/3regi5b-1024x682.jpg 1024w\" sizes=\"auto, (max-width: 619px) 100vw, 619px\" \/><\/p>\n<p>K\u00f6vetkezett a Codex &#8230;<\/p>\n<p><img loading=\"lazy\" decoding=\"async\" class=\"alignnone  wp-image-24172\" alt=\"3regi5\" src=\"https:\/\/ujkafe.website\/wp-content\/uploads\/2013\/07\/3regi5.jpg\" width=\"617\" height=\"410\" srcset=\"https:\/\/ujkafe.website\/wp-content\/uploads\/2013\/07\/3regi5.jpg 1028w, https:\/\/ujkafe.website\/wp-content\/uploads\/2013\/07\/3regi5-300x199.jpg 300w, https:\/\/ujkafe.website\/wp-content\/uploads\/2013\/07\/3regi5-1024x681.jpg 1024w\" sizes=\"auto, (max-width: 617px) 100vw, 617px\" \/> <img loading=\"lazy\" decoding=\"async\" class=\"alignnone  wp-image-24174\" alt=\"3regi6\" src=\"https:\/\/ujkafe.website\/wp-content\/uploads\/2013\/07\/3regi6.jpg\" width=\"617\" height=\"410\" srcset=\"https:\/\/ujkafe.website\/wp-content\/uploads\/2013\/07\/3regi6.jpg 1028w, https:\/\/ujkafe.website\/wp-content\/uploads\/2013\/07\/3regi6-300x199.jpg 300w, https:\/\/ujkafe.website\/wp-content\/uploads\/2013\/07\/3regi6-1024x681.jpg 1024w\" sizes=\"auto, (max-width: 617px) 100vw, 617px\" \/><\/p>\n<p>&#8230;\u00e9s a fesztiv\u00e1l egyik veter\u00e1nja, Kobzos Kiss Tam\u00e1s (Budapest), k\u00f6z\u00f6s m\u0171sort\u00f6mbben<\/p>\n<p><img loading=\"lazy\" decoding=\"async\" class=\"alignnone  wp-image-24175\" alt=\"3regi7\" src=\"https:\/\/ujkafe.website\/wp-content\/uploads\/2013\/07\/3regi7.jpg\" width=\"619\" height=\"413\" srcset=\"https:\/\/ujkafe.website\/wp-content\/uploads\/2013\/07\/3regi7.jpg 1032w, https:\/\/ujkafe.website\/wp-content\/uploads\/2013\/07\/3regi7-300x200.jpg 300w, https:\/\/ujkafe.website\/wp-content\/uploads\/2013\/07\/3regi7-1024x682.jpg 1024w\" sizes=\"auto, (max-width: 619px) 100vw, 619px\" \/><\/p>\n<p>A Musica Historica (Budapest) este is kitett mag\u00e1\u00e9rt: k\u00f6z\u00e9pkori vil\u00e1gi muzsik\u00e1t j\u00e1tszott.<\/p>\n<p><img loading=\"lazy\" decoding=\"async\" class=\"alignnone  wp-image-24176\" alt=\"3regi8\" src=\"https:\/\/ujkafe.website\/wp-content\/uploads\/2013\/07\/3regi8.jpg\" width=\"617\" height=\"410\" srcset=\"https:\/\/ujkafe.website\/wp-content\/uploads\/2013\/07\/3regi8.jpg 1028w, https:\/\/ujkafe.website\/wp-content\/uploads\/2013\/07\/3regi8-300x199.jpg 300w, https:\/\/ujkafe.website\/wp-content\/uploads\/2013\/07\/3regi8-1024x681.jpg 1024w\" sizes=\"auto, (max-width: 617px) 100vw, 617px\" \/><\/p>\n","protected":false},"excerpt":{"rendered":"<p>3. nap, j\u00falius 13 (szombat) A szombat d\u00e9lel\u0151tt\u00f6t, a hagyom\u00e1nyoknak megfelel\u0151en, Renesz\u00e1nsz gyermeknapk\u00e9nt rendezt\u00e9k meg a szervez\u0151k: j\u00e1tsz\u00f3h\u00e1zzal, b\u00e1bszinh\u00e1zzal, vid\u00e1m szabadt\u00e9ri zen\u00e9vel.<\/p>\n","protected":false},"author":3,"featured_media":0,"comment_status":"open","ping_status":"open","sticky":false,"template":"","format":"standard","meta":{"_monsterinsights_skip_tracking":false,"_monsterinsights_sitenote_active":false,"_monsterinsights_sitenote_note":"","_monsterinsights_sitenote_category":0,"ngg_post_thumbnail":0,"footnotes":""},"categories":[5],"tags":[],"class_list":["post-24163","post","type-post","status-publish","format-standard","hentry","category-foto"],"_links":{"self":[{"href":"https:\/\/ujkafe.website\/index.php?rest_route=\/wp\/v2\/posts\/24163","targetHints":{"allow":["GET"]}}],"collection":[{"href":"https:\/\/ujkafe.website\/index.php?rest_route=\/wp\/v2\/posts"}],"about":[{"href":"https:\/\/ujkafe.website\/index.php?rest_route=\/wp\/v2\/types\/post"}],"author":[{"embeddable":true,"href":"https:\/\/ujkafe.website\/index.php?rest_route=\/wp\/v2\/users\/3"}],"replies":[{"embeddable":true,"href":"https:\/\/ujkafe.website\/index.php?rest_route=%2Fwp%2Fv2%2Fcomments&post=24163"}],"version-history":[{"count":0,"href":"https:\/\/ujkafe.website\/index.php?rest_route=\/wp\/v2\/posts\/24163\/revisions"}],"wp:attachment":[{"href":"https:\/\/ujkafe.website\/index.php?rest_route=%2Fwp%2Fv2%2Fmedia&parent=24163"}],"wp:term":[{"taxonomy":"category","embeddable":true,"href":"https:\/\/ujkafe.website\/index.php?rest_route=%2Fwp%2Fv2%2Fcategories&post=24163"},{"taxonomy":"post_tag","embeddable":true,"href":"https:\/\/ujkafe.website\/index.php?rest_route=%2Fwp%2Fv2%2Ftags&post=24163"}],"curies":[{"name":"wp","href":"https:\/\/api.w.org\/{rel}","templated":true}]}}