
{"id":24183,"date":"2013-07-14T20:21:32","date_gmt":"2013-07-14T20:21:32","guid":{"rendered":"https:\/\/ujkafe.website\/?p=24183"},"modified":"2013-07-14T20:26:05","modified_gmt":"2013-07-14T20:26:05","slug":"adam-gyula-csikszeredai-regizene-fesztival-2013-5","status":"publish","type":"post","link":"https:\/\/ujkafe.website\/?p=24183","title":{"rendered":"\u00c1d\u00e1m Gyula: Csikszeredai R\u00e9gizene Fesztiv\u00e1l, 2013 (5)"},"content":{"rendered":"<h2><strong>4. nap, j\u00falius 14 (vas\u00e1rnap)<\/strong><\/h2>\n<p>Az idei fesztiv\u00e1l befejez\u0151 napj\u00e1n a \u00a0Custos Viol Consort (Budapest) adta el\u0151 esti m\u0171sor\u00e1t a Mik\u00f3-v\u00e1r sz\u00ednpad\u00e1n.<\/p>\n<p><img loading=\"lazy\" decoding=\"async\" class=\"alignnone  wp-image-24185\" alt=\"4regi1\" src=\"https:\/\/ujkafe.website\/wp-content\/uploads\/2013\/07\/4regi1.jpg\" width=\"617\" height=\"429\" srcset=\"https:\/\/ujkafe.website\/wp-content\/uploads\/2013\/07\/4regi1.jpg 1028w, https:\/\/ujkafe.website\/wp-content\/uploads\/2013\/07\/4regi1-300x208.jpg 300w, https:\/\/ujkafe.website\/wp-content\/uploads\/2013\/07\/4regi1-1024x712.jpg 1024w\" sizes=\"auto, (max-width: 617px) 100vw, 617px\" \/><\/p>\n<p><!--more--><\/p>\n<p><img loading=\"lazy\" decoding=\"async\" class=\"alignnone  wp-image-24186\" alt=\"4regi2\" src=\"https:\/\/ujkafe.website\/wp-content\/uploads\/2013\/07\/4regi2.jpg\" width=\"617\" height=\"410\" srcset=\"https:\/\/ujkafe.website\/wp-content\/uploads\/2013\/07\/4regi2.jpg 1028w, https:\/\/ujkafe.website\/wp-content\/uploads\/2013\/07\/4regi2-300x199.jpg 300w, https:\/\/ujkafe.website\/wp-content\/uploads\/2013\/07\/4regi2-1024x681.jpg 1024w\" sizes=\"auto, (max-width: 617px) 100vw, 617px\" \/><\/p>\n<p>D\u00e9lben, Cs\u00edkdeln\u00e9n, a Szent J\u00e1nos-templom orgon\u00e1j\u00e1n Erich T\u00fcrk (Kolozsv\u00e1r) orgonakoncertj\u00e9t hallhatt\u00e1k az \u00e9rdekl\u0151d\u0151 helybeliek \u00e9s az odautaz\u00f3k.<br \/>\n<img loading=\"lazy\" decoding=\"async\" class=\"alignnone  wp-image-24187\" alt=\"4regi3\" src=\"https:\/\/ujkafe.website\/wp-content\/uploads\/2013\/07\/4regi3.jpg\" width=\"617\" height=\"410\" srcset=\"https:\/\/ujkafe.website\/wp-content\/uploads\/2013\/07\/4regi3.jpg 1028w, https:\/\/ujkafe.website\/wp-content\/uploads\/2013\/07\/4regi3-300x199.jpg 300w, https:\/\/ujkafe.website\/wp-content\/uploads\/2013\/07\/4regi3-1024x681.jpg 1024w\" sizes=\"auto, (max-width: 617px) 100vw, 617px\" \/><br \/>\nA z\u00e1r\u00f3est f\u00e9nypontja a The Early Folk Band (Nagy-Britannia) egy\u00fcttes eredeti stilus\u00fa, nagysiker\u0171 m\u0171sora volt. Az idei fesztiv\u00e1lrendezv\u00e9ny k\u00f6zponti gondolata am\u00fagy is az angol r\u00e9gi zene volt &#8211; ebb\u0151l adtak \u0151k feledhetetlen \u00edzel\u00edt\u0151t.<\/p>\n<p><img loading=\"lazy\" decoding=\"async\" class=\"alignnone  wp-image-24188\" alt=\"4regi4\" src=\"https:\/\/ujkafe.website\/wp-content\/uploads\/2013\/07\/4regi4.jpg\" width=\"617\" height=\"410\" srcset=\"https:\/\/ujkafe.website\/wp-content\/uploads\/2013\/07\/4regi4.jpg 1028w, https:\/\/ujkafe.website\/wp-content\/uploads\/2013\/07\/4regi4-300x199.jpg 300w, https:\/\/ujkafe.website\/wp-content\/uploads\/2013\/07\/4regi4-1024x681.jpg 1024w\" sizes=\"auto, (max-width: 617px) 100vw, 617px\" \/> <img loading=\"lazy\" decoding=\"async\" class=\"alignnone  wp-image-24189\" alt=\"4regi5\" src=\"https:\/\/ujkafe.website\/wp-content\/uploads\/2013\/07\/4regi5.jpg\" width=\"617\" height=\"341\" srcset=\"https:\/\/ujkafe.website\/wp-content\/uploads\/2013\/07\/4regi5.jpg 1028w, https:\/\/ujkafe.website\/wp-content\/uploads\/2013\/07\/4regi5-300x166.jpg 300w, https:\/\/ujkafe.website\/wp-content\/uploads\/2013\/07\/4regi5-1024x566.jpg 1024w\" sizes=\"auto, (max-width: 617px) 100vw, 617px\" \/> <img loading=\"lazy\" decoding=\"async\" class=\"alignnone  wp-image-24184\" alt=\"4reg6\" src=\"https:\/\/ujkafe.website\/wp-content\/uploads\/2013\/07\/4reg6.jpg\" width=\"617\" height=\"410\" srcset=\"https:\/\/ujkafe.website\/wp-content\/uploads\/2013\/07\/4reg6.jpg 1028w, https:\/\/ujkafe.website\/wp-content\/uploads\/2013\/07\/4reg6-300x199.jpg 300w, https:\/\/ujkafe.website\/wp-content\/uploads\/2013\/07\/4reg6-1024x681.jpg 1024w\" sizes=\"auto, (max-width: 617px) 100vw, 617px\" \/> <img loading=\"lazy\" decoding=\"async\" class=\"alignnone  wp-image-24190\" alt=\"4regi7\" src=\"https:\/\/ujkafe.website\/wp-content\/uploads\/2013\/07\/4regi7.jpg\" width=\"617\" height=\"410\" srcset=\"https:\/\/ujkafe.website\/wp-content\/uploads\/2013\/07\/4regi7.jpg 1028w, https:\/\/ujkafe.website\/wp-content\/uploads\/2013\/07\/4regi7-300x199.jpg 300w, https:\/\/ujkafe.website\/wp-content\/uploads\/2013\/07\/4regi7-1024x681.jpg 1024w\" sizes=\"auto, (max-width: 617px) 100vw, 617px\" \/><\/p>\n","protected":false},"excerpt":{"rendered":"<p>4. nap, j\u00falius 14 (vas\u00e1rnap) Az idei fesztiv\u00e1l befejez\u0151 napj\u00e1n a \u00a0Custos Viol Consort (Budapest) adta el\u0151 esti m\u0171sor\u00e1t a Mik\u00f3-v\u00e1r sz\u00ednpad\u00e1n.<\/p>\n","protected":false},"author":3,"featured_media":0,"comment_status":"open","ping_status":"open","sticky":false,"template":"","format":"standard","meta":{"_monsterinsights_skip_tracking":false,"_monsterinsights_sitenote_active":false,"_monsterinsights_sitenote_note":"","_monsterinsights_sitenote_category":0,"ngg_post_thumbnail":0,"footnotes":""},"categories":[5],"tags":[],"class_list":["post-24183","post","type-post","status-publish","format-standard","hentry","category-foto"],"_links":{"self":[{"href":"https:\/\/ujkafe.website\/index.php?rest_route=\/wp\/v2\/posts\/24183","targetHints":{"allow":["GET"]}}],"collection":[{"href":"https:\/\/ujkafe.website\/index.php?rest_route=\/wp\/v2\/posts"}],"about":[{"href":"https:\/\/ujkafe.website\/index.php?rest_route=\/wp\/v2\/types\/post"}],"author":[{"embeddable":true,"href":"https:\/\/ujkafe.website\/index.php?rest_route=\/wp\/v2\/users\/3"}],"replies":[{"embeddable":true,"href":"https:\/\/ujkafe.website\/index.php?rest_route=%2Fwp%2Fv2%2Fcomments&post=24183"}],"version-history":[{"count":0,"href":"https:\/\/ujkafe.website\/index.php?rest_route=\/wp\/v2\/posts\/24183\/revisions"}],"wp:attachment":[{"href":"https:\/\/ujkafe.website\/index.php?rest_route=%2Fwp%2Fv2%2Fmedia&parent=24183"}],"wp:term":[{"taxonomy":"category","embeddable":true,"href":"https:\/\/ujkafe.website\/index.php?rest_route=%2Fwp%2Fv2%2Fcategories&post=24183"},{"taxonomy":"post_tag","embeddable":true,"href":"https:\/\/ujkafe.website\/index.php?rest_route=%2Fwp%2Fv2%2Ftags&post=24183"}],"curies":[{"name":"wp","href":"https:\/\/api.w.org\/{rel}","templated":true}]}}