
{"id":24199,"date":"2013-07-15T09:44:12","date_gmt":"2013-07-15T09:44:12","guid":{"rendered":"https:\/\/ujkafe.website\/?p=24199"},"modified":"2013-07-15T14:10:54","modified_gmt":"2013-07-15T14:10:54","slug":"adam-gyula-csikszeredai-regizene-fesztival-2013-6","status":"publish","type":"post","link":"https:\/\/ujkafe.website\/?p=24199","title":{"rendered":"\u00c1d\u00e1m Gyula: Csikszeredai R\u00e9gizene Fesztiv\u00e1l, 2013 (6)"},"content":{"rendered":"<p>A negyedik nap (j\u00falius 14, vas\u00e1rnap) a hagyom\u00e1nyos renesz\u00e1nsz t\u00e1nch\u00e1zzal z\u00e1rult a cs\u00edkszeredai M\u00fazeumkertben, Kov\u00e1cs G\u00e1bor t\u00e1ncoktat\u00f3 ir\u00e1ny\u00edt\u00e1s\u00e1val.<\/p>\n<p><img loading=\"lazy\" decoding=\"async\" class=\"alignnone  wp-image-24202\" alt=\"tanc1\" src=\"https:\/\/ujkafe.website\/wp-content\/uploads\/2013\/07\/tanc1.jpg\" width=\"617\" height=\"410\" srcset=\"https:\/\/ujkafe.website\/wp-content\/uploads\/2013\/07\/tanc1.jpg 1028w, https:\/\/ujkafe.website\/wp-content\/uploads\/2013\/07\/tanc1-300x199.jpg 300w, https:\/\/ujkafe.website\/wp-content\/uploads\/2013\/07\/tanc1-1024x681.jpg 1024w\" sizes=\"auto, (max-width: 617px) 100vw, 617px\" \/><\/p>\n<p><!--more--><\/p>\n<p><img loading=\"lazy\" decoding=\"async\" class=\"alignnone  wp-image-24203\" alt=\"tanc2\" src=\"https:\/\/ujkafe.website\/wp-content\/uploads\/2013\/07\/tanc2.jpg\" width=\"617\" height=\"410\" srcset=\"https:\/\/ujkafe.website\/wp-content\/uploads\/2013\/07\/tanc2.jpg 1028w, https:\/\/ujkafe.website\/wp-content\/uploads\/2013\/07\/tanc2-300x199.jpg 300w, https:\/\/ujkafe.website\/wp-content\/uploads\/2013\/07\/tanc2-1024x681.jpg 1024w\" sizes=\"auto, (max-width: 617px) 100vw, 617px\" \/><\/p>\n<p><img loading=\"lazy\" decoding=\"async\" class=\"alignnone  wp-image-24204\" alt=\"tanc3\" src=\"https:\/\/ujkafe.website\/wp-content\/uploads\/2013\/07\/tanc3.jpg\" width=\"617\" height=\"410\" srcset=\"https:\/\/ujkafe.website\/wp-content\/uploads\/2013\/07\/tanc3.jpg 1028w, https:\/\/ujkafe.website\/wp-content\/uploads\/2013\/07\/tanc3-300x199.jpg 300w, https:\/\/ujkafe.website\/wp-content\/uploads\/2013\/07\/tanc3-1024x681.jpg 1024w\" sizes=\"auto, (max-width: 617px) 100vw, 617px\" \/><\/p>\n<p><a href=\"http:\/\/urszu2b.blogspot.ca\/p\/csik.html\"><em><strong>Az \u00c1d\u00e1m Gyula fot\u00f3i alapj\u00e1n \u00f6ssze\u00e1llitott teljes riport az urszu 2b blogon itt l\u00e1that\u00f3-olvashat\u00f3!<\/strong><\/em><\/p>\n<p><\/a><\/p>\n","protected":false},"excerpt":{"rendered":"<p>A negyedik nap (j\u00falius 14, vas\u00e1rnap) a hagyom\u00e1nyos renesz\u00e1nsz t\u00e1nch\u00e1zzal z\u00e1rult a cs\u00edkszeredai M\u00fazeumkertben, Kov\u00e1cs G\u00e1bor t\u00e1ncoktat\u00f3 ir\u00e1ny\u00edt\u00e1s\u00e1val.<\/p>\n","protected":false},"author":3,"featured_media":0,"comment_status":"open","ping_status":"open","sticky":false,"template":"","format":"standard","meta":{"_monsterinsights_skip_tracking":false,"_monsterinsights_sitenote_active":false,"_monsterinsights_sitenote_note":"","_monsterinsights_sitenote_category":0,"ngg_post_thumbnail":0,"footnotes":""},"categories":[5],"tags":[],"class_list":["post-24199","post","type-post","status-publish","format-standard","hentry","category-foto"],"_links":{"self":[{"href":"https:\/\/ujkafe.website\/index.php?rest_route=\/wp\/v2\/posts\/24199","targetHints":{"allow":["GET"]}}],"collection":[{"href":"https:\/\/ujkafe.website\/index.php?rest_route=\/wp\/v2\/posts"}],"about":[{"href":"https:\/\/ujkafe.website\/index.php?rest_route=\/wp\/v2\/types\/post"}],"author":[{"embeddable":true,"href":"https:\/\/ujkafe.website\/index.php?rest_route=\/wp\/v2\/users\/3"}],"replies":[{"embeddable":true,"href":"https:\/\/ujkafe.website\/index.php?rest_route=%2Fwp%2Fv2%2Fcomments&post=24199"}],"version-history":[{"count":0,"href":"https:\/\/ujkafe.website\/index.php?rest_route=\/wp\/v2\/posts\/24199\/revisions"}],"wp:attachment":[{"href":"https:\/\/ujkafe.website\/index.php?rest_route=%2Fwp%2Fv2%2Fmedia&parent=24199"}],"wp:term":[{"taxonomy":"category","embeddable":true,"href":"https:\/\/ujkafe.website\/index.php?rest_route=%2Fwp%2Fv2%2Fcategories&post=24199"},{"taxonomy":"post_tag","embeddable":true,"href":"https:\/\/ujkafe.website\/index.php?rest_route=%2Fwp%2Fv2%2Ftags&post=24199"}],"curies":[{"name":"wp","href":"https:\/\/api.w.org\/{rel}","templated":true}]}}