
{"id":24209,"date":"2013-07-15T21:36:19","date_gmt":"2013-07-15T21:36:19","guid":{"rendered":"https:\/\/ujkafe.website\/?p=24209"},"modified":"2013-07-15T21:36:19","modified_gmt":"2013-07-15T21:36:19","slug":"lendvay-eva-pokoli-arviz-hullamain-2","status":"publish","type":"post","link":"https:\/\/ujkafe.website\/?p=24209","title":{"rendered":"Lendvay \u00c9va: Pokoli \u00e1rviz hull\u00e1main (2)"},"content":{"rendered":"<p>A legals\u00f3 szomsz\u00e9dok \u2013 k\u00e9t n\u0151: Rad\u00f3 Mici \u00e9s Ilus \u2013 csomagolnak. V\u00e9gleges k\u00f6lt\u00f6z\u00e9s. A b\u00e9csi d\u00f6nt\u00e9s \u00e9ve.<br \/>\n\u00c9lvezettel bolyongok a felfordul\u00e1sban. Egy bronzszobrocsk\u00e1t a kezembe kaparintok. Harmonik\u00e1z\u00f3 pierrot. Nekem adj\u00e1k (ma is megvan, \u00e1tv\u00e9szelt minden k\u00f6lt\u00f6zk\u00f6d\u00e9st, egyik fi\u00f3kb\u00f3l a m\u00e1sikba rakom, k\u00e9ptelen vagyok elaj\u00e1nd\u00e9kozni vagy eldobni). Azt\u00e1n a r\u00e1di\u00f3 el\u00e9 \u00e1llok: a dobozb\u00f3l zene \u00e1rad, er\u0151s, kem\u00e9ny ritmusok. Sz\u00e1jt\u00e1tva b\u00e1mulok, el nem mozduln\u00e9k onnan. A fejemben valami groteszk, ugr\u00e1ndoz\u00f3, \u00e1larcos \u00e9s tarka n\u00e9ps\u00e9g vonul fel a zene \u00fctemeire.<!--more--><br \/>\n\u201eDzsessz&#8221;, mondja az egyik, Mici nevezet\u0171 n\u00e9ni. Nem felejtem el a sz\u00f3t.<br \/>\nUt\u00e1lok torna\u00f3r\u00e1ra j\u00e1rni.<br \/>\nAz anya az \u00e1gyon \u00fcl \u00e9s s\u00edr. K\u00f6r\u00fcl\u00f6tte n\u00f4k \u00fclnek. \u201eH\u00e1t van isten az \u00e9gben?&#8221;, sikoltja patetikusan az anya, szok\u00e1sa szerint valami irodalmi vagy n\u00e9pdalklis\u00e9t haszn\u00e1lva. Tudom, hogy ap\u00e1mra \u00e9rti az eg\u00e9szet. A n\u00f4k mondogatnak valamit.<br \/>\n\u00c1llok \u00e9s b\u00e1m\u00e9szkodom.<br \/>\nAz anya megver valami\u00e9rt. S\u00edrok, b\u00e1r tudom, hogy hib\u00e1s vagyok. Ezt a tudatot az anya valamilyen k\u00f6rm\u00f6nfont logik\u00e1val \u00e9s dr\u00e1mai sz\u00f3nokiass\u00e1ggal mindig bel\u00e9msulykolja. Miut\u00e1n meg\u00fct\u00f6tt, hiszt\u00e9rikusan mag\u00e1hoz r\u00e1nt \u00e9s cs\u00f3kolgat.<br \/>\nValami hamisat \u00e9rzek, fogalmam sincs, mi\u00e9rt. Elh\u00faz\u00f3dn\u00e9k, de nem merek.<br \/>\nMikor iskol\u00e1ba ker\u00fcl\u00f6k, m\u00e1r foly\u00e9konyan olvasok. Azel\u0151tt az apa sokszor felolvasta a Csal\u00e1di k\u00f6rt, meg a Toldit, a Micimack\u00f3t. A feh\u00e9r k\u00f6nyvlapok, &#8211; oldalt f\u00e9lig vagy eg\u00e9szen elfoglal\u00f3 feket\u00e9s, t\u00f6m\u00f6tt r\u00e9sz valami furcsa \u00f6r\u00f6m-\u00e9rz\u00e9st, izgalmat kelt bennem. Addig nyaggatom, m\u00edg megtan\u00edt olvasni.<br \/>\nAz els\u0151 iskolanapokra alig eml\u00e9kszem, csak a Kinga nev\u0171 ap\u00e1ca-tan\u00edt\u00f3n\u00f4 szel\u00edd, kerek arc\u00e1ra, a hittan-tan\u00edt\u00f3 pap jovi\u00e1lis k\u00f6v\u00e9rs\u00e9g\u00e9re, meg hogy mindenkit m\u00e1kvir\u00e1gomnak sz\u00f3l\u00edt, a zongor\u00e1t tan\u00edt\u00f3 ap\u00e1ca \u00e1ttetsz\u0151 szigor\u00fas\u00e1g\u00e1ra. A j\u00f3 jegyek mell\u00e9 kapott szentk\u00e9pek aranya-r\u00f3zsasz\u00edne elb\u0171v\u00f6l.<br \/>\nAny\u00e1m ord\u00edt: \u201eMi\u00e9rt \u00edrsz olyan cs\u00faful?&#8221;. \u00c1ll a h\u00e1tam m\u00f6g\u00f6tt \u00e9s ellen\u00f4rzi a munk\u00e1mat. F\u00e9lek, hogy meg\u00fct, ez\u00e9rt m\u00e9g cs\u00fany\u00e1bbra siker\u00fcl az \u00edr\u00e1s. Ha gyakorolok, belekiab\u00e1l: \u201eNem \u00edgy, nem \u00edgy, nem hallod, hogy falcs!?&#8221;. Ijedtemben m\u00e9g t\u00f6bbet \u00fct\u00f6k f\u00e9lre, \u00e9s ut\u00e1lom, ut\u00e1lom az eg\u00e9szet.<br \/>\nJ\u00f6n a Mikul\u00e1s.<br \/>\nK\u00fcnn az oszt\u00e1lyablak m\u00f6g\u00f6tt hatalmas feh\u00e9r pelyhekben hull a h\u00f3. Bej\u00f6n a Mikul\u00e1s, a szak\u00e1lla der\u00e9kig \u00e9r. Aj\u00e1nd\u00e9kokat osztogat. \u00c9nekel\u00fcnk. Nem az aj\u00e1nd\u00e9kok, hanem a nagy feh\u00e9r pelyhek gy\u00f6ny\u00f6r\u0171ek.<br \/>\nKar\u00e1csonyest\u00e9n lek\u00fcldenek Imr\u00e9hez. Az \u0151 szob\u00e1j\u00e1ban v\u00e1rakozunk, \u00f3ri\u00e1si rendet rakunk, \u00fcnnep\u00e9lyesen felszedegetj\u00fck az utols\u00f3 pih\u00e9t is a lin\u00f3leumr\u00f3l. Azt\u00e1n le\u00fcl\u00fcnk.<br \/>\nAz ablak m\u00f6g\u00f6tt a havas \u00e1gak k\u00f6zt k\u00e9ts\u00e9gtelen\u00fcl angyal rep\u00fcl.<br \/>\nV\u00e1runk.<\/p>\n<p><em><strong>Z\u00e1r\u00f3jel<\/strong><\/em><\/p>\n<p>A k\u00e9telked\u00e9s kor\u00e1n bef\u00e9szkeli mag\u00e1t f\u00e9lzsid\u00f3, de a katolikus vall\u00e1s azid\u00f4ben k\u00f6telez\u00f4 k\u00e1nonjai k\u00f6zt fejl\u00f4d\u00f4 tudatunkba; nyolc-kilenc\u00e9vesen vita t\u00e1rgya k\u00f6ztem \u00e9s Imre k\u00f6zt, hogy mikor sz\u00fcletett az Isten? \u201eIsten \u00f6r\u00f6kt\u0151l fogva van&#8221;, oktatom, de \u0151 makacskodik: \u201eJ\u00f3, j\u00f3, de mikor sz\u00fcletett?&#8221;.<br \/>\n\u00c1ltal\u00e1ban f\u00e9lek a feln\u0151ttekt\u0151l. Az Imre mam\u00e1j\u00e1t\u00f3l, Lali b\u00e1csit\u00f3l, Trude n\u00e9nit\u0151l. Megal\u00e1zkod\u00f3an viselkedem vel\u00fck, \u00e9s k\u00f6zben ut\u00e1lom magam ez\u00e9rt. Piri n\u00e9nit\u0151l, akihez az apa n\u00e9ha elvisz, s akin\u00e9l az \u00e1gynem\u0171nek \u00e9ppen olyan h\u0171s szaga van, mint apai nagyany\u00e1mn\u00e1l, szint\u00e9n f\u00e9lek, pedig igyekszik nagyon j\u00f3 lenni hozz\u00e1m. Egyszer moziba is elvisz, a film c\u00edm\u00e9t nem felejtem el \u2013 Valamit visz a v\u00edz \u2013, azt hiszi, semmit sem \u00e9rtek bel\u00f4le. Amint haza\u00e9r\u00fcnk, kih\u00e1nyom az eb\u00e9det. Lefektetnek, ap\u00e1m mell\u00e9m \u00fcl az \u00e1gyra \u00e9s d\u00fadol valamit. Csend van, csak az \u00f3ra ketyeg, lassan felmelegszem a takar\u00f3 alatt \u00e9s hihetetlen\u00fcl boldognak \u00e9rzem magam.<br \/>\nVas\u00e1rnap reggel. H\u00e9t \u00f3r\u00e1ra a templomban kell lenni. Sz\u00f3l az orgona, \u00e9nekel\u00fcnk. Latin sz\u00f6veg, nem \u00e9rtem, de tiszt\u00e1n \u00e9nekelem. Oda\u00fcl\u00f6k az ap\u00e1ca mell\u00e9, hogy l\u00e1thassam a sz\u00f6veget. A dallam egyszer\u0171, teljesen egyenl\u00f4 hang\u00e9rt\u00e9kekb\u00f4l \u00e1ll. Fens\u00e9ges. Borzong\u00e1s fut v\u00e9gig a h\u00e1tamon.<br \/>\nA mise v\u00e9ge fel\u00e9 k\u00f6zeledik. Felkelt a nap, felizzanak a sz\u00ednes \u00fcvegablakok. Verset z\u00fcmm\u00f6g\u00f6k err\u00f4l az izz\u00e1sr\u00f3l, a mise ut\u00e1n elszavalom az ap\u00e1c\u00e1nak. Mise alatt nem szabad m\u00e1sra gondolni, mondja korhol\u00f3an.<br \/>\nKin\u00e9zek az ablakon. Messze hegyvonulat z\u00e1rja a l\u00e1that\u00e1rt. Ott van a vil\u00e1g v\u00e9ge \u2013 gondolom.<br \/>\nK\u00f6zeledik az els\u0151\u00e1ldoz\u00e1s. A gy\u00f3n\u00e1s rettent\u00f4 izgalommal t\u00f6lt el, a gyomorsz\u00e1jam \u00f6sszesz\u00fbk\u00fcl, hideg ver\u00edt\u00e9k ver ki. (\u00c9vtizedek m\u00falt\u00e1n a gy\u0171l\u00e9seken, ha nyilv\u00e1nosan \u00f6nb\u00edr\u00e1latot kellett gyakorolni, hasonl\u00f3 fiziol\u00f3giai t\u00fcnetek mutatkoztak rajtam.) Mik a b\u00fbneim? Mi a b\u00fbn? A t\u00edzparancsolat \u00e1ltal tiltott dolgok, p\u00e9ld\u00e1ul az \u00f6l\u00e9s. Odasomford\u00e1lok a tisztelend\u00f4 n\u00f4v\u00e9rhez. \u2013 Bolh\u00e1t \u00f6lni b\u0171n? \u2013 k\u00e9rdezem. Megbotr\u00e1nkozva \u00e9s megr\u00f6k\u00f6ny\u00f6dve b\u00e1mul r\u00e1m, nem felel.<br \/>\nAz anya minden zongoratan\u00e1rn\u0151mmel \u00f6sszevesz. Egyiket sem szerettem, a sk\u00e1l\u00e1z\u00e1st gy\u00fbl\u00f6l\u00f6m. F\u00e9lek a zongora\u00f3r\u00e1t\u00f3l.<br \/>\n\u00c1llok az ablakn\u00e1l. A s\u00e1rga h\u00e1zban, a nagy di\u00f3fa alatt lakik a cicakir\u00e1lyn\u00f4. Ez\u00fcst \u00e9s arany bel\u00fcl minden, a kir\u00e1lyn\u00f4 selyemtr\u00f3non \u00fcl \u00e9s dorombol.<br \/>\nMegbabon\u00e1zva b\u00e1mulom az ablakot, amely mindig vil\u00e1gos, a kir\u00e1lyn\u00f4 bund\u00e1ja feh\u00e9r \u00e9s selymes. Apr\u00f3 fekete macsk\u00e1k k\u00e9pezik az udvartart\u00e1s\u00e1t. Stb., stb. R\u00e9szletesen ecsetelem mindenkinek a palota berendez\u00e9s\u00e9t.<br \/>\nValamelyik d\u00e9lel\u0151tt a h\u00e1z ir\u00e1ny\u00e1b\u00f3l, tal\u00e1n \u00e9ppen az esti kivil\u00e1g\u00edtott ablak m\u00f6g\u00fcl egy n\u00f4i hang hiszt\u00e9rikusan vis\u00edtja: \u201eKommt, schnell, schnell! Der F\u00fchrer spricht! Der F\u00fc\u00fc\u00fchrer spricht!!&#8221;.<br \/>\n\u2013 Ha majd t\u00edz \u00e9ves leszek (vagyis feln\u00f4tt), ugye, mehetek este s\u00e9t\u00e1lni a v\u00e1rosba?<br \/>\nEste akarok s\u00e9t\u00e1lni. Este minden \u00e9rdekes \u00e9s titokzatos.<br \/>\n\u2013 Menj, k\u00e9rj p\u00e9nzt ap\u00e1dt\u00f3l! \u2013 ripakodik r\u00e1m az anya. H\u0171s\u00e9gesen szajk\u00f3zom: Papa, adj p\u00e9nzt! \u2013 M\u00e1r nem eml\u00e9kszem, ad vagy nem ad. Csak arra, hogy f\u00e9lek p\u00e9nzt k\u00e9rni \u00e9s f\u00e9lek hazamenni. Otthon veszeked\u00e9s fogad. \u2013 Elrontanak ott! Mi van veled mindig, amikor onnan j\u00f6ssz? Mi? A n\u00e9nit kombin\u00e9ban l\u00e1ttad? Felh\u00e1bor\u00edt\u00f3! Aljas, romlott persz\u00f3na!<br \/>\nSemmit sem \u00e9rtek az eg\u00e9szb\u0151l. Mikor megint l\u00e1togat\u00f3ban vagyok, a l\u00e9gk\u00f6r fesz\u00fclt. Elharapott szavak, jelent\u0151s\u00e9gteljes pillant\u00e1sok.<br \/>\nCsak h\u00fasz \u00e9v ut\u00e1n tudom meg, hogy n\u00e9vtelen levelet kaptak a kombin\u00e9-dologr\u00f3l. \u00c9n csak annyit tudok, hogy idegennek \u00e9rzem magam, f\u00e9lszeg, zavart a viselked\u00e9sem. Mit mondjak, mit ne mondjak, hov\u00e1 tegyem a kezem? Rettenetes.<\/p>\n<p style=\"text-align: right;\"><em>(Folytatjuk)<\/em><\/p>\n<p><em><strong>Forr\u00e1s: Rom\u00e1niai Magyar Sz\u00f3, Szink\u00e9p mell\u00e9klet, 2003. okt\u00f3ber 18.<\/strong><\/em><\/p>\n","protected":false},"excerpt":{"rendered":"<p>A legals\u00f3 szomsz\u00e9dok \u2013 k\u00e9t n\u0151: Rad\u00f3 Mici \u00e9s Ilus \u2013 csomagolnak. V\u00e9gleges k\u00f6lt\u00f6z\u00e9s. A b\u00e9csi d\u00f6nt\u00e9s \u00e9ve. \u00c9lvezettel bolyongok a felfordul\u00e1sban. Egy bronzszobrocsk\u00e1t a kezembe kaparintok. Harmonik\u00e1z\u00f3 pierrot. Nekem adj\u00e1k (ma is megvan, \u00e1tv\u00e9szelt minden k\u00f6lt\u00f6zk\u00f6d\u00e9st, egyik fi\u00f3kb\u00f3l a m\u00e1sikba rakom, k\u00e9ptelen vagyok elaj\u00e1nd\u00e9kozni vagy eldobni). Azt\u00e1n a r\u00e1di\u00f3 el\u00e9 \u00e1llok: a dobozb\u00f3l zene [&hellip;]<\/p>\n","protected":false},"author":3,"featured_media":0,"comment_status":"open","ping_status":"open","sticky":false,"template":"","format":"standard","meta":{"_monsterinsights_skip_tracking":false,"_monsterinsights_sitenote_active":false,"_monsterinsights_sitenote_note":"","_monsterinsights_sitenote_category":0,"ngg_post_thumbnail":0,"footnotes":""},"categories":[13,133],"tags":[],"class_list":["post-24209","post","type-post","status-publish","format-standard","hentry","category-dokumentum","category-szabad-szombat-antologia"],"_links":{"self":[{"href":"https:\/\/ujkafe.website\/index.php?rest_route=\/wp\/v2\/posts\/24209","targetHints":{"allow":["GET"]}}],"collection":[{"href":"https:\/\/ujkafe.website\/index.php?rest_route=\/wp\/v2\/posts"}],"about":[{"href":"https:\/\/ujkafe.website\/index.php?rest_route=\/wp\/v2\/types\/post"}],"author":[{"embeddable":true,"href":"https:\/\/ujkafe.website\/index.php?rest_route=\/wp\/v2\/users\/3"}],"replies":[{"embeddable":true,"href":"https:\/\/ujkafe.website\/index.php?rest_route=%2Fwp%2Fv2%2Fcomments&post=24209"}],"version-history":[{"count":0,"href":"https:\/\/ujkafe.website\/index.php?rest_route=\/wp\/v2\/posts\/24209\/revisions"}],"wp:attachment":[{"href":"https:\/\/ujkafe.website\/index.php?rest_route=%2Fwp%2Fv2%2Fmedia&parent=24209"}],"wp:term":[{"taxonomy":"category","embeddable":true,"href":"https:\/\/ujkafe.website\/index.php?rest_route=%2Fwp%2Fv2%2Fcategories&post=24209"},{"taxonomy":"post_tag","embeddable":true,"href":"https:\/\/ujkafe.website\/index.php?rest_route=%2Fwp%2Fv2%2Ftags&post=24209"}],"curies":[{"name":"wp","href":"https:\/\/api.w.org\/{rel}","templated":true}]}}