
{"id":24246,"date":"2013-07-16T21:08:06","date_gmt":"2013-07-16T21:08:06","guid":{"rendered":"https:\/\/ujkafe.website\/?p=24246"},"modified":"2013-07-16T21:08:06","modified_gmt":"2013-07-16T21:08:06","slug":"hideg","status":"publish","type":"post","link":"https:\/\/ujkafe.website\/?p=24246","title":{"rendered":"Hideg"},"content":{"rendered":"<div id=\"attachment_24251\" style=\"width: 627px\" class=\"wp-caption alignnone\"><img loading=\"lazy\" decoding=\"async\" aria-describedby=\"caption-attachment-24251\" class=\" wp-image-24251\" alt=\"fototanu_meteo_daczo\" src=\"https:\/\/ujkafe.website\/wp-content\/uploads\/2013\/07\/fototanu_meteo_daczo.jpg\" width=\"617\" height=\"463\" srcset=\"https:\/\/ujkafe.website\/wp-content\/uploads\/2013\/07\/fototanu_meteo_daczo.jpg 1028w, https:\/\/ujkafe.website\/wp-content\/uploads\/2013\/07\/fototanu_meteo_daczo-300x225.jpg 300w, https:\/\/ujkafe.website\/wp-content\/uploads\/2013\/07\/fototanu_meteo_daczo-1024x768.jpg 1024w\" sizes=\"auto, (max-width: 617px) 100vw, 617px\" \/><p id=\"caption-attachment-24251\" class=\"wp-caption-text\">Fot\u00f3 Dacz\u00f3 D\u00e9nes<\/p><\/div>\n<p>\u00dagy k\u00e9pzelem el, hogy ebben a kalitk\u00e1ban, amelynek zsalug\u00e1teres ablakai most t\u00e1gra nyitva n\u00e9znek a vil\u00e1gra, lakik a cs\u00edki hideg. \u00c9s valah\u00e1nyszor a szolg\u00e1latos id\u0151j\u00f3s kinyitja az aablaksz\u00e1rnyakat, a zimank\u00f3 onnan kiszabadul \u00e9s r\u00e1telepszik az eg\u00e9sz vil\u00e1gra, de legal\u00e1bb is a Cs\u00edki-medenc\u00e9re&#8230;<!--more--><\/p>\n<p>Mostan\u00e1ban, ny\u00e1rid\u0151ben is gyakran hallani a marosv\u00e1s\u00e1rhelyi r\u00e1di\u00f3b\u00f3l, hogy Cs\u00edkban m\u00e9rt\u00e9k a legh\u0171v\u00f6sebb reggeli h\u0151m\u00e9rs\u00e9kleteket. Ez a m\u00e9r\u00e9s pedig pontosan itt t\u00f6rt\u00e9nt, enn\u00e9l a h\u00e1zik\u00f3n\u00e1l, ahol a k\u00e9priporton l\u00e1tsz\u00f3, de f\u00f6l nem ismerhet\u0151 meteorol\u00f3gus a m\u0171szereket figyeli, hogy megtehesse soros jelent\u00e9s\u00e9t a megfogyel\u0151 napl\u00f3ba. Ez a zimank\u00f3kalitka ott van a cs\u00edkszeredai Hargita utca ment\u00e9n, amint az orsz\u00e1g\u00fat nekiiramodik a Hargit\u00e1nak, de m\u00e9g nem hagyta el igaz\u00e1n a v\u00e1rost, ahol f\u00e9lig-meddig m\u00e1r ny\u00edlt terep van s azon a sz\u00e9l szabadon kerget\u0151zik, a k\u00f6d akad\u00e1ly n\u00e9lk\u00fcl \u00faszik, az es\u0151 csapkod s a h\u00f3 s\u00fcv\u00edt. Ugyan nem itt esik meg minden, ami rossz \u00e9s neh\u00e9zs\u00e9g a cs\u00edki id\u0151j\u00e1r\u00e1sban, de ott m\u0171k\u00f6dik az id\u0151j\u00e1r\u00e1sfigyel\u0151k helyi szolg\u00e1lata, ott pr\u00f3b\u00e1lj\u00e1k meg jellemezni a csepp alapj\u00e1n a tengert.<\/p>\n<p style=\"text-align: right;\"><em><strong>Cseke G\u00e1bor<\/strong><\/em><\/p>\n<p>(Forr\u00e1s: <a href=\"http:\/\/fototanu.blogspot.ro\/\"><em>Fot\u00f3tan\u00fa<\/em><\/a>)<\/p>\n","protected":false},"excerpt":{"rendered":"<p>\u00dagy k\u00e9pzelem el, hogy ebben a kalitk\u00e1ban, amelynek zsalug\u00e1teres ablakai most t\u00e1gra nyitva n\u00e9znek a vil\u00e1gra, lakik a cs\u00edki hideg. \u00c9s valah\u00e1nyszor a szolg\u00e1latos id\u0151j\u00f3s kinyitja az aablaksz\u00e1rnyakat, a zimank\u00f3 onnan kiszabadul \u00e9s r\u00e1telepszik az eg\u00e9sz vil\u00e1gra, de legal\u00e1bb is a Cs\u00edki-medenc\u00e9re&#8230;<\/p>\n","protected":false},"author":3,"featured_media":0,"comment_status":"open","ping_status":"open","sticky":false,"template":"","format":"standard","meta":{"_monsterinsights_skip_tracking":false,"_monsterinsights_sitenote_active":false,"_monsterinsights_sitenote_note":"","_monsterinsights_sitenote_category":0,"ngg_post_thumbnail":0,"footnotes":""},"categories":[5],"tags":[],"class_list":["post-24246","post","type-post","status-publish","format-standard","hentry","category-foto"],"_links":{"self":[{"href":"https:\/\/ujkafe.website\/index.php?rest_route=\/wp\/v2\/posts\/24246","targetHints":{"allow":["GET"]}}],"collection":[{"href":"https:\/\/ujkafe.website\/index.php?rest_route=\/wp\/v2\/posts"}],"about":[{"href":"https:\/\/ujkafe.website\/index.php?rest_route=\/wp\/v2\/types\/post"}],"author":[{"embeddable":true,"href":"https:\/\/ujkafe.website\/index.php?rest_route=\/wp\/v2\/users\/3"}],"replies":[{"embeddable":true,"href":"https:\/\/ujkafe.website\/index.php?rest_route=%2Fwp%2Fv2%2Fcomments&post=24246"}],"version-history":[{"count":0,"href":"https:\/\/ujkafe.website\/index.php?rest_route=\/wp\/v2\/posts\/24246\/revisions"}],"wp:attachment":[{"href":"https:\/\/ujkafe.website\/index.php?rest_route=%2Fwp%2Fv2%2Fmedia&parent=24246"}],"wp:term":[{"taxonomy":"category","embeddable":true,"href":"https:\/\/ujkafe.website\/index.php?rest_route=%2Fwp%2Fv2%2Fcategories&post=24246"},{"taxonomy":"post_tag","embeddable":true,"href":"https:\/\/ujkafe.website\/index.php?rest_route=%2Fwp%2Fv2%2Ftags&post=24246"}],"curies":[{"name":"wp","href":"https:\/\/api.w.org\/{rel}","templated":true}]}}