
{"id":24265,"date":"2013-07-18T09:25:32","date_gmt":"2013-07-18T09:25:32","guid":{"rendered":"https:\/\/ujkafe.website\/?p=24265"},"modified":"2013-07-18T09:25:32","modified_gmt":"2013-07-18T09:25:32","slug":"kolumbusz-tojasa","status":"publish","type":"post","link":"https:\/\/ujkafe.website\/?p=24265","title":{"rendered":"Kolumbusz toj\u00e1sa"},"content":{"rendered":"<div id=\"attachment_24268\" style=\"width: 624px\" class=\"wp-caption alignnone\"><img loading=\"lazy\" decoding=\"async\" aria-describedby=\"caption-attachment-24268\" class=\" wp-image-24268\" alt=\"fototanu_martingyula\" src=\"https:\/\/ujkafe.website\/wp-content\/uploads\/2013\/07\/fototanu_martingyula.jpg\" width=\"614\" height=\"429\" srcset=\"https:\/\/ujkafe.website\/wp-content\/uploads\/2013\/07\/fototanu_martingyula.jpg 1024w, https:\/\/ujkafe.website\/wp-content\/uploads\/2013\/07\/fototanu_martingyula-300x209.jpg 300w\" sizes=\"auto, (max-width: 614px) 100vw, 614px\" \/><p id=\"caption-attachment-24268\" class=\"wp-caption-text\">Fot\u00f3 Martin Gyula<\/p><\/div>\n<p><strong>Martin Gyula<\/strong> temesv\u00e1ri amat\u0151r fot\u00f3s (ami\u00f3ta a szervezett fot\u00f3mozgalom a rendszerv\u00e1lt\u00e1ssal egy\u00fctt \u00f6sszeomlott, elt\u0171nt a &#8222;pr\u00e9rir\u0151l&#8221;, nem tudom, \u00e9l-e, hal-e, dolgozik-e m\u00e9g \u00e9rdekes fot\u00f3k\u00eds\u00e9rletein, amelyek annak idej\u00e9n annyi felt\u0171nb\u00e9st keltettek, vit\u00e1kat v\u00e1ltottak ki&#8230;)<!--more-->, itt mell\u00e9kelt f\u00e9nyk\u00e9pe a nagyv\u00e1radi Nufarul \/ Tavir\u00f3zsa fot\u00f3klub Premfot\u00f3 bienn\u00e1l\u00e9j\u00e1n t\u0171nt fel, c\u00edme: El\u0151ad\u00e1s Kolumbusz Krist\u00f3f toj\u00e1s\u00e1r\u00f3l. Akkoriban &#8211; 1982-t \u00edrtunk &#8211; nem voltak divatban az ilyen mer\u00e9sz \u00faj\u00edt\u00e1sok a fot\u00f3ban. Az anim\u00e1ci\u00f3nak hat\u00f3, teremtett vil\u00e1g fot\u00f3z\u00e1sa ink\u00e1bb grafikusok t\u00f6rekv\u00e9sei k\u00f6z\u00e9 illett. A nyomdai szakemberk\u00e9nt dolgoz\u00f3 Martin Gyula f\u00e9nyk\u00e9pei technikai kidolgozotts\u00e1g\u00e1nak tisztas\u00e1g\u00e1val \u00e9s precizit\u00e1s\u00e1val t\u0171nt fel. E k\u00e9pe beker\u00fclt &#8211; m\u00e9ghozz\u00e1 el\u0151kel\u0151 helyre &#8211; a bienn\u00e1l\u00e9 katal\u00f3gus\u00e1ba.<\/p>\n<p>(Az esem\u00e9nnyel kapcsolatban cikkem is jelent meg az akkori El\u0151r\u00e9ben, amely \u00fagy \u00e9rzem, ma is j\u00f3l \u00e9rz\u00e9kelteti egy hajdani fot\u00f3s rendezv\u00e9ny fontoss\u00e1g\u00e1t \u00e9s szakmai \u00f6szt\u00f6nz\u0151 szerep\u00e9t &#8211;<a href=\"http:\/\/fototanu.blogspot.ca\/2009\/06\/kolumbusz-tojasa.html\"><strong> itt olvashat\u00f3.<\/strong><\/a>)<\/p>\n<p style=\"text-align: right;\"><em><strong>Cseke G\u00e1bor<\/strong><\/em><\/p>\n<p>(Forr\u00e1s: <a href=\"http:\/\/fototanu.blohspot.ro\/\"><em>Fot\u00f3tan\u00fa<\/em><\/a>)<\/p>\n","protected":false},"excerpt":{"rendered":"<p>Martin Gyula temesv\u00e1ri amat\u0151r fot\u00f3s (ami\u00f3ta a szervezett fot\u00f3mozgalom a rendszerv\u00e1lt\u00e1ssal egy\u00fctt \u00f6sszeomlott, elt\u0171nt a &#8222;pr\u00e9rir\u0151l&#8221;, nem tudom, \u00e9l-e, hal-e, dolgozik-e m\u00e9g \u00e9rdekes fot\u00f3k\u00eds\u00e9rletein, amelyek annak idej\u00e9n annyi felt\u0171nb\u00e9st keltettek, vit\u00e1kat v\u00e1ltottak ki&#8230;)<\/p>\n","protected":false},"author":3,"featured_media":0,"comment_status":"open","ping_status":"open","sticky":false,"template":"","format":"standard","meta":{"_monsterinsights_skip_tracking":false,"_monsterinsights_sitenote_active":false,"_monsterinsights_sitenote_note":"","_monsterinsights_sitenote_category":0,"ngg_post_thumbnail":0,"footnotes":""},"categories":[5],"tags":[],"class_list":["post-24265","post","type-post","status-publish","format-standard","hentry","category-foto"],"_links":{"self":[{"href":"https:\/\/ujkafe.website\/index.php?rest_route=\/wp\/v2\/posts\/24265","targetHints":{"allow":["GET"]}}],"collection":[{"href":"https:\/\/ujkafe.website\/index.php?rest_route=\/wp\/v2\/posts"}],"about":[{"href":"https:\/\/ujkafe.website\/index.php?rest_route=\/wp\/v2\/types\/post"}],"author":[{"embeddable":true,"href":"https:\/\/ujkafe.website\/index.php?rest_route=\/wp\/v2\/users\/3"}],"replies":[{"embeddable":true,"href":"https:\/\/ujkafe.website\/index.php?rest_route=%2Fwp%2Fv2%2Fcomments&post=24265"}],"version-history":[{"count":0,"href":"https:\/\/ujkafe.website\/index.php?rest_route=\/wp\/v2\/posts\/24265\/revisions"}],"wp:attachment":[{"href":"https:\/\/ujkafe.website\/index.php?rest_route=%2Fwp%2Fv2%2Fmedia&parent=24265"}],"wp:term":[{"taxonomy":"category","embeddable":true,"href":"https:\/\/ujkafe.website\/index.php?rest_route=%2Fwp%2Fv2%2Fcategories&post=24265"},{"taxonomy":"post_tag","embeddable":true,"href":"https:\/\/ujkafe.website\/index.php?rest_route=%2Fwp%2Fv2%2Ftags&post=24265"}],"curies":[{"name":"wp","href":"https:\/\/api.w.org\/{rel}","templated":true}]}}