
{"id":24447,"date":"2013-08-03T22:52:12","date_gmt":"2013-08-03T22:52:12","guid":{"rendered":"https:\/\/ujkafe.website\/?p=24447"},"modified":"2013-08-03T22:52:26","modified_gmt":"2013-08-03T22:52:26","slug":"lendvay-eva-pokoli-arviz-hullamain-5","status":"publish","type":"post","link":"https:\/\/ujkafe.website\/?p=24447","title":{"rendered":"Lendvay \u00c9va: Pokoli \u00e1rviz hull\u00e1main (5.)"},"content":{"rendered":"<p><em><strong>Serd\u00fcl\u0151kor<\/strong><\/em><\/p>\n<p>Serd\u00fcl\u0151korom megfoghatatlanul pergett ki ujjaim k\u00f6z\u00fcl. Mint valami alvaj\u00e1r\u00f3, megb\u0171v\u00f6lten k\u00e9sz\u00fcl\u0151dtem valami nagy, csod\u00e1latos \u00e9s romantikus id\u00f4re, amely majd az \u00e9let lesz. A k\u00f6nyvekb\u0151l k\u00e9szen determin\u00e1lt sorsok sorj\u00e1ztak el\u00e9m, term\u00e9szetesnek vettem, hogy az ember sorsa \u00f6sszef\u00fcgg\u0151 oks\u00e1gi folyamat, amelyben minden egyens\u00falyba ker\u00fcl a kompenz\u00e1ci\u00f3 t\u00f6rv\u00e9ny\u00e9nek \u00e9rtelm\u00e9ben.<!--more--> Nem tudtam, hogy semmilyen t\u00f6rv\u00e9ny nem alkalmazhat\u00f3 egy\u00e9ni sorsunkra, f\u00f4k\u00e9nt ha azt nem k\u00edv\u00fclr\u0151l n\u00e9zz\u00fck, hanem le\u00e9lni k\u00e9nyszer\u00fcl\u00fcnk. Bizakodva \u00e9s hihetetlen felel\u0151tlens\u00e9ggel lebegtem a tennival\u00f3k felett. Meggy\u0151z\u0151d\u00e9sem volt, hogy a dolgok magukt\u00f3l kialakulnak, elrendez\u0151dnek. Helyesebben, nem is t\u00f6r\u0151dtem a dolgokkal. Semmivel sem t\u00f6r\u0151dtem \u00f6nmagamon k\u00edv\u00fcl, de \u00f6nmagamat \u2013 testi, fizikai mivoltomban \u2013 n\u00f6vekv\u0151 retteg\u00e9ssel, szorong\u00e1ssal kezdtem figyelni.<\/p>\n<p>Valamelyik\u00fck kiondol\u00e1ltatta a haj\u00e1t! Ott, a h\u00e1tuls\u00f3 padban! \u2013 A \u201eszem\u00fcveges k\u00edgy\u00f3&#8221;, ahogyan a l\u00e1nyok nevezt\u00e9k, r\u00e1m f\u00fcggeszti v\u00edzsz\u00edn\u0171 szemeit a sokdioptri\u00e1s szem\u00fcveg m\u00f6g\u00fcl. A hajam mindenki figyelm\u00e9t mag\u00e1ra vonta \u2013 hull\u00e1mos volt, d\u00fas \u00e9s f\u00fcstsz\u0151ke, nem volt sz\u00fcks\u00e9gem fodr\u00e1szra soha. M\u00e9ltatlankodva kapok a hajamhoz; a hercegn\u0151 nev\u00e9t visel\u00f4 le\u00e1nyiskol\u00e1ban purit\u00e1n elvek uralkodtak, tilos volt fodr\u00e1szhoz, kozmetikai szalonhoz s m\u00e1s h\u00edvs\u00e1gos int\u00e9zm\u00e9nyekhez fordulni, sz\u00e9p\u00e9szkedni, fi\u00fakkal korz\u00f3zni. A fekete klott egyenruha, makul\u00e1tlan feh\u00e9r gall\u00e9rral, k\u00f6z\u00e9pk\u00e9k sz\u00f6vetcsokorral a nyakban \u00e9s hasonl\u00f3 k\u00e9k karim\u00e1j\u00fa fekete filckalappal k\u00f6telez\u0151 viselet volt minden gimnazista l\u00e1ny sz\u00e1m\u00e1ra, hogy az utc\u00e1kon leselked\u0151 v\u00e9nkisasszony-tan\u00e1rn\u0151k messzir\u00f4l \u00e9szrevegy\u00e9k \u0151ket, ha moziban vagy a korz\u00f3n megjelentek, egyed\u00fcl, t\u00f6bbedmagukkal csoportosan vagy \u2013 horribile! \u2013 fi\u00fak t\u00e1rsas\u00e1g\u00e1ban. Sz\u00e1nalmas jelenetek zajlottak le az igazgat\u00f3i irod\u00e1ban, ahol a rajtakapott \u00e9s lef\u00fclelt le\u00e1nyz\u00f3k k\u00f6nnyek k\u00f6zt bizonygatt\u00e1k, hogy \u201eaz unokafiv\u00e9r\u00fckkel&#8221; s\u00e9t\u00e1ltak a park \u00e1rnyas s\u00e9t\u00e1nyain az esti f\u00e9lhom\u00e1lyban. Akkor felvil\u00e1gosult k\u00f6rnyezetem \u00e9s bar\u00e1ti k\u00f6r\u00f6m hat\u00e1s\u00e1ra csup\u00e1n felh\u00e1borod\u00e1st \u00e9s enyhe szorong\u00e1st \u00e9reztem, igyekeztem \u2013 f\u00e9lelemb\u0151l \u2013 al\u00e1vetni magam az iskolai rendszab\u00e1lyoknak. K\u00e9s\u0151bb gondolkoztam csak el a bigott boszork\u00e1ny\u00fcld\u00f6z\u00e9s ezen iskolai v\u00e1ltozat\u00e1nak kivitelez\u0151in, \u00e9s felr\u00e9mlett bennem az a k\u00e9rd\u00e9s, hogy mi is vitte r\u00e1 ezeket a \u2013 harminc \u00e9s \u00f6tven k\u00f6z\u00f6tti \u2013 szem\u00fcveges \u00e9s el\u00f4nytelen k\u00fclsej\u0171, vagy k\u00ednosan tiszta \u00e9s valamit\u0151l hihetetlen\u00fcl megkeseredett szentfazekakat, hogy k\u00e9pesek legyenek s\u00f6t\u00e9t parkokban \u00e9s utcaszegletek m\u00f6g\u00f6tt, virul\u00f3 \u00e9s tombolni k\u00e9sz n\u0151iess\u00e9g\u0171 kamaszle\u00e1nyk\u00e1k els\u0151 cs\u00f3kjait meglesni?<\/p>\n<p>Most, ahogy vissza tudok eml\u00e9kezni, igen sokat sz\u00f3l\u00edtottunk kisasszonynak tan\u00e1rn\u0151ink k\u00f6z\u00fcl. N\u00e9h\u00e1nyuk a l\u00e1nyok \u00e9s val\u00f3sz\u00edn\u0171leg a fiatalabb, szabadabb elv\u0171 \u00e9s felvil\u00e1gosultabb tan\u00e1rn\u0151k r\u00e9me volt. A szem\u00fcveges k\u00edgy\u00f3 \u2013 M. kisasszony \u2013 is k\u00f6z\u00e9j\u00fck tartozott. Ha az SS-be veti sorsa, val\u00f3sz\u00edn\u0171leg lovagl\u00f3korb\u00e1ccsal verte volna \u00e1ldozatait. \u00cdgy csak az erk\u00f6lcs\u00f6k megvesztegethetetlen \u0151rek\u00e9nt vad\u00e1szott iskol\u00e1sle\u00e1nyok ut\u00e1n a v\u00e1ros utc\u00e1in, \u00e9s tiszt\u00e1n eml\u00e9kszem, hogy a nagyon sz\u00e9p l\u00e1nyokkal gy\u0171lt meg mindig a baja: magas, \u00e9les hangja messze visszhangzott a hossz\u00fa folyos\u00f3kon, mik\u00f6zben a szigor\u00fa, v\u00f6r\u00f6shaj\u00fa \u00e9s mindig gy\u00f6ngyh\u00e1zgombos, r\u00f3zsasz\u00edn selyembl\u00fazt visel\u00f4 igazgat\u00f3n\u0151 el\u00e9 hajkur\u00e1szta \u00e1ldozatait. Hull\u00e1mos, csillog\u00f3 hajam is kiv\u00e1ltotta ellenszenv\u00e9t, \u00e9s parancsot kaptam, hogy v\u00e9kony hajh\u00e1l\u00f3ba szor\u00edtva viseljem, ami meglehet\u0151sen bizarr k\u00fcls\u0151t k\u00f6lcs\u00f6nz\u00f6tt a korombeli \u2013 13-14 \u00e9ves \u2013 le\u00e1nyk\u00e1knak. L\u00e1zadoztam az ostoba h\u00e1l\u00f3 ellen \u00e9s otthon messze haj\u00edtottam, s\u0151t \u2013 ami az iskolai megrov\u00e1s n\u00e9lk\u00fcl eszembe se jutott volna \u2013 pap\u00edrcsavar\u00e9kokba er\u0151szakoltam a hajamat, hogy m\u00e1snap bossz\u00fasan \u00e9s d\u00fch\u00f6sen f\u00e9s\u00fcljem, kef\u00e9ljem f\u00e9l\u00f3r\u00e1n \u00e1t a b\u00e1r\u00e1nyg\u00f6nd\u00f6r k\u00f3cot fejemen.<\/p>\n<p>(\u00c9vek m\u00falt\u00e1n tal\u00e1lkoztam az utc\u00e1n M. kisasszonnyal. Sz\u00e1nalmasan \u00f6reg volt \u00e9s megt\u00f6rt, annyira, hogy k\u00e9ptelen voltam a legkisebb el\u00e9gt\u00e9telt is \u00e9rezni cs\u00fafos buk\u00e1s\u00e1n: m\u00e1r vil\u00e1gos volt el\u0151ttem, hogy minden n\u0151 hal\u00e1los ellens\u00e9ge \u2013 a mag\u00e1ny \u2013 tartja k\u00f6ny\u00f6rtelen hatalm\u00e1ban. Hosszan n\u00e9ztem megg\u00f6rnyedt \u00e9s megad\u00f3 alakja ut\u00e1n \u2026 \u00e9s sajn\u00e1ltam.)<\/p>\n<p>Addig azonban m\u00e9g alkalma volt engem is leleplezni, mert t\u00f6bb \u00edzben is l\u00e1tott fi\u00fak t\u00e1rsas\u00e1g\u00e1ban. Felh\u00edvatta any\u00e1mat az iskol\u00e1ba \u00e9s kipakolt neki. Legnagyobb meglepet\u00e9s\u00e9re \u00e9s felh\u00e1borod\u00e1s\u00e1ra ellen\u00e1ll\u00e1sba \u00fctk\u00f6z\u00f6tt: any\u00e1m kijelentette, hogy tudom\u00e1sa van fi\u00fabar\u00e1taimr\u00f3l, akiket egyt\u0151l-egyig ismer, \u201ej\u00f3 csal\u00e1db\u00f3l sz\u00e1rmaz\u00f3 \u00farigyerekek&#8221; \u00e9s gyerekkori pajt\u00e1saim, s k\u00fcl\u00f6nben is \u0151 garant\u00e1l a saj\u00e1t gyermek\u00e9\u00e9rt, hogy mernek r\u00f3la valamit is felt\u00e9telezni?! Az ellentmond\u00e1s \u00f6rd\u00f6ge any\u00e1mb\u00f3l abban a percben a leghelyesebb \u00e9s leghalad\u00f3bb magatart\u00e1st v\u00e1ltotta ki, an\u00e9lk\u00fcl, hogy alapvet\u0151en m\u00f3dos\u00edtotta volna merev n\u00e9zeteit, amelyek elkend\u0151zt\u00e9k el\u0151le a val\u00f3s\u00e1got \u2013 nevezetesen azt, hogy egy 13-14 \u00e9ves l\u00e1nyban igenis \u00e9bredezik a nemis\u00e9g, \u00e9s a kamaszl\u00e1ny l\u00e9lektana kem\u00e9ny di\u00f3 minden sz\u00fcl\u0151 sz\u00e1m\u00e1ra. M. kisasszony korl\u00e1tolts\u00e1ga azonban tromfot kapott any\u00e1m harciass\u00e1g\u00e1t\u00f3l, amely el\u0151l takar\u00f3d\u00f3t f\u00fajt. De any\u00e1m d\u00fch\u00f6sen elhat\u00e1rozta, hogy kivesz ebb\u0151l a \u201esov\u00e9n, antiszemita&#8221; iskol\u00e1b\u00f3l, \u00e9s \u00e1tirat m\u00e1sikba. Arra egy pillanatig sem gondolt, hogy re\u00e1m gyanakodjon \u2013 tulajdonk\u00e9ppen nem is volt mi\u00e9rt, hihetetlen\u00fcl gy\u00e1va \u00e9s \u00f3vatos voltam. De a k\u00fclsz\u00edn \u2013 fejletts\u00e9gem \u00e9s l\u00e1tsz\u00f3lagos emancip\u00e1lts\u00e1gom \u2013 mindenkiben azt a benyom\u00e1st kelthette, hogy szabadosan nevelt, kora\u00e9rett le\u00e1nyka vagyok.<\/p>\n<p>(Most is eml\u00e9kszem arra a hihetetlen megsz\u00e9gyen\u00fcl\u00e9sre, amikor egy sz\u00fclet\u00e9snap alkalm\u00e1val \u201ez\u00e1logosdira&#8221; ker\u00fclt sor, \u00e9s a fi\u00fa, akivel cs\u00f3kol\u00f3zni kellett, diadalmasan, nagy hangon ki\u00e1ltotta ki a t\u00e1rsas\u00e1g el\u0151tt, hogy nem tudok cs\u00f3kol\u00f3zni! Hasonl\u00f3 kor\u00fa bar\u00e1tn\u0151m, l\u00e1gy tekintet\u0171, \u00e9rz\u00e9ki zsid\u00f3 le\u00e1nyka m\u00e1r r\u00e9g t\u00fal volt sok mindenen \u2013 nemsok\u00e1ra a sz\u00fczess\u00e9ge elveszt\u00e9s\u00e9n is \u2013, amikor \u00e9n m\u00e9g mindig azon t\u00f6prengtem, hogy mi is a tudnival\u00f3 egy cs\u00f3kon? Idegenkedtem mindenf\u00e9le k\u00e9rdez\u0151sk\u00f6d\u00e9st\u0151l, \u00e9s \u00fagy tettem, mintha mindent tudn\u00e9k. Magatart\u00e1som el\u0151revet\u00edtette k\u00e9s\u0151bbi helyzetemet, amikor, m\u00e1r h\u00faszon t\u00fal, egy g\u00e1tl\u00e1sos, hossz\u00fara ny\u00fal\u00f3 sz\u00fczess\u00e9g ny\u0171g\u00e9ben restelltem bevallani a faggat\u00f3z\u00f3 j\u00f3bar\u00e1tn\u0151knek \u00e9s kitart\u00f3an udvarl\u00f3 fiatalembereknek sz\u00e1nalmas \u201elemarad\u00e1somat&#8221;, ink\u00e1bb azzal hencegtem, hogy \u201em\u00e1r r\u00e9g megt\u00f6rt\u00e9nt&#8221; \u00e9s m\u00e9g sztorit is k\u00f6lt\u00f6ttem a dologr\u00f3l\u2026)<\/p>\n<p>A cs\u00f3kol\u00f3z\u00e1s titk\u00e1ra csak 16 \u00e9ves koromban j\u00f6ttem r\u00e1, amikor v\u00e9gre olyan fi\u00fa cs\u00f3kolt meg, akibe szerelmes voltam.<\/p>\n<p>Milyen volt az \u00e9let? A \u201ek\u00fcls\u0151&#8221;, a m\u00e1sok\u00e9 \u2013 abban az id\u0151ben? Be kell vallanom, hogy alig eml\u00e9kszem, semmi benyom\u00e1st nem tett r\u00e1m. Alapvet\u0151 k\u00f6z\u00f6ny\u00f6m, befel\u00e9 fordul\u00e1som \u00e9s egy t\u00f6k\u00e9letes v\u00e9detts\u00e9g \u2013 az any\u00e1m magabiztos \u00e9s \u00f6ntudatlan agresszivit\u00e1sa \u2013 elz\u00e1rt\u00e1k el\u0151lem \u201ea vil\u00e1got&#8221;. K\u00f6nyvek, kis k\u00f6r\u00f6m esem\u00e9nyei (cs\u00f3kok, s\u00e9t\u00e1k, apr\u00f3 szerelmek, mozi, a leck\u00e9k): t\u00f6bb nem f\u00e9rt felfog\u00f3k\u00e9pess\u00e9gem sugar\u00e1ba.<\/p>\n<p>Oda mentem, ahova vittek. \u00cdgy ker\u00fcltem bele \u2013 ink\u00e1bb a k\u00edn\u00e1lkoz\u00f3 sz\u00f3rakoz\u00e1si lehet\u00f4s\u00e9g, semmint az \u00fcgy ismerete r\u00e9v\u00e9n \u2013 az Izrael \u00e1llam fel\u00e9p\u00edt\u00e9s\u00e9\u00e9rt harcol\u00f3 ifj\u00fas\u00e1gi szervezetek egyik\u00e9be, amely a sz\u00e1momra teljesen \u00e9rthetetlen Hasomer Hacair nevet viselte.<\/p>\n<p>Ezek a szervezetek akkoriban teljesen leg\u00e1lisan m\u0171k\u00f6dtek; mire megsz\u00fcntett\u00e9k \u0151ket, \u00e9n m\u00e1r r\u00e9g el is felejtettem l\u00e9tez\u00e9s\u00fcket. Izrael \u00e1llamr\u00f3l \u00e9s problematik\u00e1j\u00e1r\u00f3l sem hallottam addig soha, \u00e9s a szervezet gy\u0171l\u00e9sein is csak halv\u00e1ny k\u00e9pet nyertem r\u00f3la. Ha j\u00f3l eml\u00e9kszem, tal\u00e1n m\u00e9g azt sem tudtam, hol van Izrael, illetve Palesztina \u2013 semmik\u00e9ppen sem azonos\u00edtottam a z\u00e1rdai hittan\u00f3r\u00e1kon tanult Szentf\u00f6lddel. Nem voltam \u00e9n igazi zsid\u00f3 \u2013 mint ahogy nem voltam igazi kereszt\u00e9ny sem. Fiatal kamaszl\u00e1ny voltam, tele \u00e9letv\u00e1ggyal \u00e9s tetszeni akar\u00e1ssal: a Ken-ben \u2013 \u00edgy nevezt\u00e9k bar\u00e1taim a szervezetet \u2013 sok ismer\u0151s fi\u00fa \u00e9s l\u00e1ny gy\u0171lt \u00f6ssze, \u00e9nekeltek, pl. az Internacion\u00e1l\u00e9t h\u00e9ber nyelven, meg indul\u00f3kat, amelyek \u00e9p\u00edt\u00e9sre, harcra buzd\u00edtottak, de amelyeknek szavai furcsa, idegen fonetik\u00e1jukkal valamilyen eszt\u00e9tikai ellen\u00e9rz\u00e9sen k\u00edv\u00fcl semmi \u00e9rzelmet nem v\u00e1ltottak ki bel\u0151lem. A szervezetet k\u00e9t fiatal vezette: egy fi\u00fa \u00e9s egy l\u00e1ny, akik arra buzd\u00edtottak benn\u00fcnket, hogy hozzunk \u00f6nk\u00e9ntes hozz\u00e1j\u00e1rul\u00e1sb\u00f3l k\u00f6nyveket a szervezet sz\u00e1m\u00e1ra, a k\u00f6nyvt\u00e1r r\u00e9sz\u00e9re \u00e9s olvassunk sokat. E tan\u00e1csot nem volt neh\u00e9z meghallgatnom, am\u00fagy is szinte minden id\u0151met olvas\u00e1ssal t\u00f6lt\u00f6ttem.<\/p>\n<p style=\"text-align: right;\"><em>(Folytatjuk)<\/em><\/p>\n<p><strong>* A k\u00e9zirat az 1960-as \u00e9vekben k\u00e9sz\u00fclt. Forr\u00e1s: Rom\u00e1niai Magyar Sz\u00f3, Szink\u00e9p mell\u00e9klet, 2003. november 15.<\/strong><\/p>\n","protected":false},"excerpt":{"rendered":"<p>Serd\u00fcl\u0151kor Serd\u00fcl\u0151korom megfoghatatlanul pergett ki ujjaim k\u00f6z\u00fcl. Mint valami alvaj\u00e1r\u00f3, megb\u0171v\u00f6lten k\u00e9sz\u00fcl\u0151dtem valami nagy, csod\u00e1latos \u00e9s romantikus id\u00f4re, amely majd az \u00e9let lesz. A k\u00f6nyvekb\u0151l k\u00e9szen determin\u00e1lt sorsok sorj\u00e1ztak el\u00e9m, term\u00e9szetesnek vettem, hogy az ember sorsa \u00f6sszef\u00fcgg\u0151 oks\u00e1gi folyamat, amelyben minden egyens\u00falyba ker\u00fcl a kompenz\u00e1ci\u00f3 t\u00f6rv\u00e9ny\u00e9nek \u00e9rtelm\u00e9ben.<\/p>\n","protected":false},"author":3,"featured_media":0,"comment_status":"open","ping_status":"open","sticky":false,"template":"","format":"standard","meta":{"_monsterinsights_skip_tracking":false,"_monsterinsights_sitenote_active":false,"_monsterinsights_sitenote_note":"","_monsterinsights_sitenote_category":0,"ngg_post_thumbnail":0,"footnotes":""},"categories":[13,133],"tags":[],"class_list":["post-24447","post","type-post","status-publish","format-standard","hentry","category-dokumentum","category-szabad-szombat-antologia"],"_links":{"self":[{"href":"https:\/\/ujkafe.website\/index.php?rest_route=\/wp\/v2\/posts\/24447","targetHints":{"allow":["GET"]}}],"collection":[{"href":"https:\/\/ujkafe.website\/index.php?rest_route=\/wp\/v2\/posts"}],"about":[{"href":"https:\/\/ujkafe.website\/index.php?rest_route=\/wp\/v2\/types\/post"}],"author":[{"embeddable":true,"href":"https:\/\/ujkafe.website\/index.php?rest_route=\/wp\/v2\/users\/3"}],"replies":[{"embeddable":true,"href":"https:\/\/ujkafe.website\/index.php?rest_route=%2Fwp%2Fv2%2Fcomments&post=24447"}],"version-history":[{"count":0,"href":"https:\/\/ujkafe.website\/index.php?rest_route=\/wp\/v2\/posts\/24447\/revisions"}],"wp:attachment":[{"href":"https:\/\/ujkafe.website\/index.php?rest_route=%2Fwp%2Fv2%2Fmedia&parent=24447"}],"wp:term":[{"taxonomy":"category","embeddable":true,"href":"https:\/\/ujkafe.website\/index.php?rest_route=%2Fwp%2Fv2%2Fcategories&post=24447"},{"taxonomy":"post_tag","embeddable":true,"href":"https:\/\/ujkafe.website\/index.php?rest_route=%2Fwp%2Fv2%2Ftags&post=24447"}],"curies":[{"name":"wp","href":"https:\/\/api.w.org\/{rel}","templated":true}]}}