
{"id":24494,"date":"2013-08-06T00:23:33","date_gmt":"2013-08-06T00:23:33","guid":{"rendered":"https:\/\/ujkafe.website\/?p=24494"},"modified":"2013-08-06T00:23:33","modified_gmt":"2013-08-06T00:23:33","slug":"lendvay-eva-pokoli-arviz-hullamain-6","status":"publish","type":"post","link":"https:\/\/ujkafe.website\/?p=24494","title":{"rendered":"Lendvay \u00c9va: Pokoli \u00e1rv\u00edz hull\u00e1main (6.)"},"content":{"rendered":"<p>Bar\u00e1taim k\u00f6z\u00fcl egyesek, akikkel hetente k\u00e9t-h\u00e1rom est\u00e9t \u2013 any\u00e1m beleegyez\u00e9s\u00e9vel (akinek kommunista meggy\u0151z\u0151d\u00e9se nem z\u00e1rta ki a zsid\u00f3 \u00e9rzelmeket, b\u00e1r nem volt cionista) \u2013 a szervezet helyis\u00e9g\u00e9ben t\u00f6lt\u00f6ttem, el\u00e9gg\u00e9 j\u00f3 anyagi helyzetben l\u00e9v\u0151 csal\u00e1dok gyerekei voltak.<!--more--> M\u00e9gis zavart a t\u00e1rsas\u00e1g nagy t\u00f6bbs\u00e9g\u00e9nek n\u00e9mileg elhanyagolt \u00e9s szeg\u00e9nyes k\u00fclseje, illetve a sz\u00e9kh\u00e1z szeg\u00e9nyess\u00e9ge is. Id\u0151vel r\u00e1j\u00f6ttem, hogy mi tulajdonk\u00e9ppen a szervezet \u201eprolet\u00e1r&#8221; \u00e1g\u00e1hoz tartozunk, az \u00fan. \u201e\u00farigyerekek&#8221; egy m\u00e1sik, szebb helyis\u00e9gben tal\u00e1lkoznak, \u00e9s szervezet\u00fck az el\u0151kel\u0151en hangz\u00f3 \u201eGordonia&#8221; nevet viseli. Ez azonban nemigen zavart engem, mert tulajdonk\u00e9ppen semmi k\u00f6z\u00f6m sem volt a t\u00f6bbiekhez, kimondottan csak az \u00e9n bar\u00e1taim\u00e9rt j\u00e1rtam oda, legink\u00e1bb H-\u00e9rt, egy h\u00f3rihorgas, g\u00f6nd\u00f6r haj\u00fa fi\u00fa\u00e9rt, akibe, \u00fagy \u00e9reztem, szerelmes vagyok, \u00e9s akivel \u00f3r\u00e1kon \u00e1t \u00fclt\u00fcnk a moziban, egym\u00e1s kez\u00e9t szorongatva. M\u00e9gis olykor bosszant\u00f3 tolakod\u00e1snak voltam kit\u00e9ve, k\u00fcl\u00f6nb\u00f6z\u0151, rosszul \u00f6lt\u00f6z\u00f6tt \u00e9s igen modortalan ifjak r\u00e9sz\u00e9r\u0151l, akik a szervezetben d\u00edv\u00f3 \u201edemokr\u00e1ci\u00e1t&#8221; \u2013 \u201ehavers\u00e1got&#8221;, ahogyan itt az egym\u00e1sk\u00f6zti viszonyt nevezt\u00e9k a tagok \u2013 \u00fagy \u00e9rtelmezt\u00e9k, hogy megengedhetik maguknak az udvarl\u00e1st az \u201eoszt\u00e1lykorl\u00e1tok&#8221; \u00e1th\u00e1g\u00e1sa seg\u00edts\u00e9g\u00e9vel. Zaklat\u00e1sukkal od\u00e1ig mentek, hogy a szervezetet vezet\u0151 fi\u00fat k\u00e9rtem meg, l\u00e9pjen k\u00f6zbe. Forrt bennem a felh\u00e1borod\u00e1s \u2013 hogyan mer\u00e9szelik, nem l\u00e1tj\u00e1k, hogy nem vagyunk egy csord\u00e1b\u00f3l val\u00f3k?<\/p>\n<p>(Eg\u00e9sz n\u0151i \u00e9letemben v\u00e9gigkis\u00e9rt ez a torz helyzet: a felfel\u00e9 t\u00f6rekv\u0151, primit\u00edv f\u00e9rfiak tolakod\u00e1sa, akik k\u00f6z\u00fcl nem egy \u00e9letresz\u00f3l\u00f3an v\u00e1ll\u00e1ra vette volna a k\u00fczdelem oroszl\u00e1nr\u00e9sz\u00e9t, csakhogy a mag\u00e1\u00e9nak tudhasson egy olyan kifinomult p\u00e9d\u00e1nyt, mint amilyen \u00e9n voltam. Ez a felk\u00edn\u00e1lkoz\u00e1s, meggy\u0151z\u0151d\u00e9s\u00fck, hogy nekik kij\u00e1r egy ilyen n\u0151, a k\u00e9ptelens\u00e9g, hogy a k\u00f6zt\u00fcnk t\u00e1tong\u00f3 szakad\u00e9kot felm\u00e9rj\u00e9k, ugyanazzal a felh\u00e1borodott undorral t\u00f6lt\u00f6tt el, mint az akkor okvetlenked\u0151 ifj\u00fa keresked\u0151seg\u00e9dek eset\u00e9ben. S mivel nem fogadtam el egyetlen ilyen k\u00edn\u00e1lkoz\u00f3 kompromisszumot sem, amely megk\u00f6nny\u00edtette volna n\u0151i \u00e9letemet, eg\u00e9sz \u00e9letemben ki voltam t\u00e9ve a legmegal\u00e1z\u00f3bb kellemetlens\u00e9geknek. Az elk\u00f6vetkezend\u0151 t\u00f6rt\u00e9nelmi id\u0151k ezt az emberfajt\u00e1t hozt\u00e1k uralomra \u2013 k\u00e9t vil\u00e1g \u0151rs\u00e9gv\u00e1lt\u00e1s\u00e1nak hat\u00e1rmezsgy\u00e9j\u00e9n \u00fajb\u00f3l \u2013, \u00e9s \u00edgy minden hivatalomban ilyen f\u00e9rfiak voltak a f\u0151n\u00f6keim, akik \u2013 b\u00e1rhogy igyekeztem leplezni \u2013 azonnal meg\u00e9rezt\u00e9k undoromat \u00e9s len\u00e9z\u00e9semet, f\u00e9ri\u00fai \u00e9s intellektu\u00e1lis er\u00e9nyeik tot\u00e1lis semmibev\u00e9tel\u00e9t, \u00e9s kem\u00e9nyen megbosszult\u00e1k a rajtuk \u00e9s t\u00e1rsadalmi hov\u00e1tartoz\u00e1sukon esett s\u00e9relmet\u2026 Nem is vittem soha semmire, sem n\u0151i, sem mesters\u00e9gbeli szempontb\u00f3l.)<\/p>\n<p>A \u201eken&#8221; (nemr\u00e9g j\u00f6ttem r\u00e1, hogy ez h\u00e9ber\u00fcl \u201eigen&#8221;-t jelent) sz\u00e9khelye egy hossz\u00fa, elhanyagolt, L alak\u00fa helyis\u00e9g volt, amelyhez \u00f3cska fal\u00e9pcs\u0151n lehetett feljutni. Az \u00e9p\u00fclet egy hossz\u00fa, s\u00f6t\u00e9t udvar v\u00e9g\u00e9ben volt, amely ismer\u0151snek t\u0171nt nekem: h\u00e1rom\u00e9ves koromig laktunk ebben az udvarban, az egyik, utc\u00e1ra n\u00e9z\u0151 lak\u00e1sban. A fiatal zsid\u00f3k megsz\u00e1llta helyis\u00e9g nem volt egy\u00e9b, mint az egykori Brass\u00f3i Lapok nyomdahelyis\u00e9ge, gyerekkoromban pedig az\u00e9rt laktunk ott, mert ap\u00e1m a lap munkat\u00e1rsa volt egy id\u0151ben.<\/p>\n<p>(\u00c9letemben periodikusan visszat\u00e9rtek egyes helyek, sz\u00ednhelyek: els\u0151 gyermek\u00e9veim sz\u00ednhely\u00e9re mint cionista szervezeti tag t\u00e9rtem vissza, els\u0151 iskola\u00e9veim hely\u00e9re, a z\u00e1rda \u00e9p\u00fclet\u00e9be, mint zeneiskolai tanul\u00f3, majd h\u00fasz \u00e9v m\u00falva mint a p\u00e1rt oktat\u00e1shallgat\u00f3ja; a tanterem hely\u00e9n, ahol marxista k\u00f6zgazdas\u00e1gtanb\u00f3l vizsg\u00e1ztam, gyermekkoromban a ferences ap\u00e1c\u00e1k k\u00e1poln\u00e1j\u00e1nak karzata volt. Vizsga alatt hirtelen felr\u00e9mlettek el\u0151ttem a sz\u00ednes \u00fcvegablakok, amelyeken \u00e1tt\u0171z\u00f6tt a kora reggeli, decemberi nap, s amelyek sz\u00ednpomp\u00e1ja az els\u0151 versre ihletett, arra, amelyik\u00e9rt a fel\u00fcgyel\u0151 ap\u00e1ca megdorg\u00e1lt. \u2013 Az elvt\u00e1rsn\u0151nek vannak k\u00e9pess\u00e9gei, de sajnos, nem m\u00e9ly\u00edtette el el\u00e9gg\u00e9 alaposan az anyag tanulm\u00e1nyoz\u00e1s\u00e1t, \u00e9s ideol\u00f3giai alapja sem eg\u00e9szen szil\u00e1rd \u2013 hangzott el korhol\u00f3 hangon a p\u00e1rtoktat\u00e1s katedraf\u0151n\u00f6k\u00e9nek v\u00e9lem\u00e9nye, \u00e9s el\u00e9gs\u00e9ges min\u0151s\u00edt\u00e9st \u00edrt be az indexbe. Ez a \u201evannak k\u00e9pess\u00e9gei&#8221; egyetemi tanulm\u00e1nyaim alatt is v\u00e9gigk\u00eds\u00e9rt, a politikai tant\u00e1rgyak tanulm\u00e1nyoz\u00e1sa sor\u00e1n, mivel makacsul ragaszkodtam ahhoz, hogy saj\u00e1t szavaimmal pr\u00f3b\u00e1ljam megfogalmazni \u2013 s term\u00e9szetesen el\u0151bb meg\u00e9rteni, konkr\u00e9t, \u00e1ltalam is ismert vagy tapasztalt t\u00e9nyek, p\u00e9ld\u00e1k seg\u00edts\u00e9g\u00e9vel \u2013 az elm\u00e9letet. Az eredm\u00e9ny v\u00e1ltozatlanul az volt, hogy a tan\u00e1r, asszisztens, szemin\u00e1riumvezet\u0151 m\u00f3dfelett inger\u00fclt lett, \u00e9s m\u00e1r lopva figyeltem az \u00f3ramutat\u00f3t, fogad\u00e1st k\u00f6tve magammal, hogy h\u00e1ny m\u00e1sodperc m\u00falva fog elhangzani a v\u00e9gzetes \u201evannak k\u00e9pess\u00e9gei, de \u2026&#8221;, a lehet\u0151 legbar\u00e1ts\u00e1gtalanabb hangon, ami ut\u00e1n az \u00edmmel-\u00e1mmal be\u00edrt el\u00e9gs\u00e9ges is beker\u00fclt a jegyeim k\u00f6z\u00e9. Miut\u00e1n ugyanebben a z\u00e1rda\u00e9p\u00fcletben elv\u00e9geztem a zenei l\u00edceumot \u2013 technikai k\u00f6z\u00e9piskol\u00e1t, ahogyan akkor nevezt\u00e9k \u2013, \u00e9s zongora meg karvezet\u0151i gyarkorlati \u00f3r\u00e1imat ugyanezen a karzaton tartott\u00e1k, a Warthe alatti k\u00f6nyvt\u00e1rban dolgoztam egy \u00e9vet, mint k\u00f6nyvt\u00e1ros; az egyetem elv\u00e9gz\u00e9se ut\u00e1n ugyanide ker\u00fcltem, mint szerkeszt\u0151, a helyi laphoz, ahonnan riporterk\u00e9nt ism\u00e9t csak az egykori z\u00e1rda\u00e9p\u00fcletbe mentem, a zenei l\u00edceumba, riportot \u00edrni annak legjobb di\u00e1kjair\u00f3l \u00e9s tan\u00e1rair\u00f3l. A csikorg\u00f3 havon a parkon \u00e1t l\u00e9pkedve azon t\u00f6prengtem, hogy ez a kis k\u00f6r sohasem fog kit\u00e1gulni, \u00e9s \u00e9letem v\u00e9g\u00e9ig mindig ugyanezt a h\u00e1romsz\u00f6get fogom r\u00f3ni, egykori iskol\u00e1m, lak\u00e1som \u00e9s munkahelyem k\u00f6z\u00f6tt\u2026)<\/p>\n<p style=\"text-align: right;\"><em>(Folytatjuk)<\/em><\/p>\n<p><strong>* A k\u00e9zirat az 1960-as \u00e9vekben k\u00e9sz\u00fclt. Forr\u00e1s: Rom\u00e1niai Magyar Sz\u00f3, Szink\u00e9p mell\u00e9klet, 2003. november 22.<\/strong><\/p>\n","protected":false},"excerpt":{"rendered":"<p>Bar\u00e1taim k\u00f6z\u00fcl egyesek, akikkel hetente k\u00e9t-h\u00e1rom est\u00e9t \u2013 any\u00e1m beleegyez\u00e9s\u00e9vel (akinek kommunista meggy\u0151z\u0151d\u00e9se nem z\u00e1rta ki a zsid\u00f3 \u00e9rzelmeket, b\u00e1r nem volt cionista) \u2013 a szervezet helyis\u00e9g\u00e9ben t\u00f6lt\u00f6ttem, el\u00e9gg\u00e9 j\u00f3 anyagi helyzetben l\u00e9v\u0151 csal\u00e1dok gyerekei voltak.<\/p>\n","protected":false},"author":3,"featured_media":0,"comment_status":"open","ping_status":"open","sticky":false,"template":"","format":"standard","meta":{"_monsterinsights_skip_tracking":false,"_monsterinsights_sitenote_active":false,"_monsterinsights_sitenote_note":"","_monsterinsights_sitenote_category":0,"ngg_post_thumbnail":0,"footnotes":""},"categories":[13,133],"tags":[],"class_list":["post-24494","post","type-post","status-publish","format-standard","hentry","category-dokumentum","category-szabad-szombat-antologia"],"_links":{"self":[{"href":"https:\/\/ujkafe.website\/index.php?rest_route=\/wp\/v2\/posts\/24494","targetHints":{"allow":["GET"]}}],"collection":[{"href":"https:\/\/ujkafe.website\/index.php?rest_route=\/wp\/v2\/posts"}],"about":[{"href":"https:\/\/ujkafe.website\/index.php?rest_route=\/wp\/v2\/types\/post"}],"author":[{"embeddable":true,"href":"https:\/\/ujkafe.website\/index.php?rest_route=\/wp\/v2\/users\/3"}],"replies":[{"embeddable":true,"href":"https:\/\/ujkafe.website\/index.php?rest_route=%2Fwp%2Fv2%2Fcomments&post=24494"}],"version-history":[{"count":0,"href":"https:\/\/ujkafe.website\/index.php?rest_route=\/wp\/v2\/posts\/24494\/revisions"}],"wp:attachment":[{"href":"https:\/\/ujkafe.website\/index.php?rest_route=%2Fwp%2Fv2%2Fmedia&parent=24494"}],"wp:term":[{"taxonomy":"category","embeddable":true,"href":"https:\/\/ujkafe.website\/index.php?rest_route=%2Fwp%2Fv2%2Fcategories&post=24494"},{"taxonomy":"post_tag","embeddable":true,"href":"https:\/\/ujkafe.website\/index.php?rest_route=%2Fwp%2Fv2%2Ftags&post=24494"}],"curies":[{"name":"wp","href":"https:\/\/api.w.org\/{rel}","templated":true}]}}