
{"id":24566,"date":"2013-08-08T09:39:54","date_gmt":"2013-08-08T09:39:54","guid":{"rendered":"https:\/\/ujkafe.website\/?p=24566"},"modified":"2013-08-08T09:39:54","modified_gmt":"2013-08-08T09:39:54","slug":"hajnali-mesevel","status":"publish","type":"post","link":"https:\/\/ujkafe.website\/?p=24566","title":{"rendered":"Hajnali mes\u00e9vel&#8230;"},"content":{"rendered":"<p><a href=\"http:\/\/zsigmondbathori.blogspot.ca\/2009\/07\/povestea-unui-rasarit.html\"><strong>&#8230;lepett meg blogj\u00e1ban a maros<\/strong><\/a><span style=\"font-size: 13px;\"><a href=\"http:\/\/zsigmondbathori.blogspot.ca\/2009\/07\/povestea-unui-rasarit.html\"><strong>v\u00e1s\u00e1rhelyi B\u00e1thori Zsigmond<\/strong><\/a>, amit m\u00e1r csak az\u00e9rt is \u00e9rdemes v\u00e9gign\u00e9zni, mert egyre kevesebben vagyunk a f\u00f6ld\u00f6n, akik \u00e9rdemesnek tal\u00e1lj\u00e1k kiszakadni az \u00e1lom karjaib\u00f3l az\u00e9rt, hogy v\u00e9gign\u00e9zzenek egy napfelkelt\u00e9t.<\/span><\/p>\n<p><img loading=\"lazy\" decoding=\"async\" class=\"alignnone  wp-image-24571\" alt=\"rasarit_bathori_fototanu\" src=\"https:\/\/ujkafe.website\/wp-content\/uploads\/2013\/08\/rasarit_bathori_fototanu.jpg\" width=\"633\" height=\"423\" srcset=\"https:\/\/ujkafe.website\/wp-content\/uploads\/2013\/08\/rasarit_bathori_fototanu.jpg 904w, https:\/\/ujkafe.website\/wp-content\/uploads\/2013\/08\/rasarit_bathori_fototanu-300x200.jpg 300w\" sizes=\"auto, (max-width: 633px) 100vw, 633px\" \/><\/p>\n<p><span style=\"font-size: 13px;\"><!--more--><\/span><\/p>\n<p>Azoknak sz\u00f3l ez a k\u00e9psor &#8211; amelyb\u0151l ide illesztek egy fontos mozzanatot, egy \u00e1ltalam besz\u00e9desnek it\u00e9lt &#8222;cs\u00f6ppben a tengert&#8221; -, akik nincsenek tudat\u00e1ban annak, mit jelent: nap nap ut\u00e1n elszalasztani az \u00e9let sz\u00e9ps\u00e9geit. A szerz\u0151 ezzel kapcsolatban le is irja sz\u00e1nd\u00e9kait, gondolatait, azokon is \u00e9rdemes v\u00e9gigmenni, hiszen a riporthoz &#8211; a tan\u00fas\u00e1ghoz &#8211; tartoznak, de ne higgy\u00fck azt, hogy ezzel mindent elint\u00e9zt\u00fcnk. Aki csak k\u00e9pen \u00e9li \u00e1t a term\u00e9szet minden reggeli \u00fajj\u00e1sz\u00fclet\u00e9s\u00e9t, az olyan, mintha \u00fcres medenc\u00e9be ugrana fejest, \u00e9ppen csak nem n\u0151 kakas a feje b\u00fabj\u00e1n, nem loccsan ki az agyveleje, sz\u00f3val nem t\u00f6rt\u00e9nik vele semmif\u00e9le baj&#8230;<\/p>\n<p>Vegy\u00fck m\u00e1r \u00e9szre, hogy az igaz fot\u00f3s mindig csak &#8222;beetet&#8221; a sz\u00e9ps\u00e9ggel, sose ig\u00e9ri val\u00f3s\u00e1gosnak a saj\u00e1tj\u00e1t, ez\u00e9rt lesz k\u00e9pe m\u00e9lyen \u00e1t\u00e9lhet\u0151 \u00e9s elhihet\u0151&#8230;<\/p>\n<p style=\"text-align: right;\"><em><strong>Cseke G\u00e1bor<\/strong><\/em><\/p>\n<p>(Forr\u00e1s: <a href=\"http:\/\/fototanu.blogspot.ro\"><em>fot\u00f3tan\u00fa<\/em><\/a>)<\/p>\n","protected":false},"excerpt":{"rendered":"<p>&#8230;lepett meg blogj\u00e1ban a marosv\u00e1s\u00e1rhelyi B\u00e1thori Zsigmond, amit m\u00e1r csak az\u00e9rt is \u00e9rdemes v\u00e9gign\u00e9zni, mert egyre kevesebben vagyunk a f\u00f6ld\u00f6n, akik \u00e9rdemesnek tal\u00e1lj\u00e1k kiszakadni az \u00e1lom karjaib\u00f3l az\u00e9rt, hogy v\u00e9gign\u00e9zzenek egy napfelkelt\u00e9t.<\/p>\n","protected":false},"author":3,"featured_media":0,"comment_status":"open","ping_status":"open","sticky":false,"template":"","format":"standard","meta":{"_monsterinsights_skip_tracking":false,"_monsterinsights_sitenote_active":false,"_monsterinsights_sitenote_note":"","_monsterinsights_sitenote_category":0,"ngg_post_thumbnail":0,"footnotes":""},"categories":[5],"tags":[],"class_list":["post-24566","post","type-post","status-publish","format-standard","hentry","category-foto"],"_links":{"self":[{"href":"https:\/\/ujkafe.website\/index.php?rest_route=\/wp\/v2\/posts\/24566","targetHints":{"allow":["GET"]}}],"collection":[{"href":"https:\/\/ujkafe.website\/index.php?rest_route=\/wp\/v2\/posts"}],"about":[{"href":"https:\/\/ujkafe.website\/index.php?rest_route=\/wp\/v2\/types\/post"}],"author":[{"embeddable":true,"href":"https:\/\/ujkafe.website\/index.php?rest_route=\/wp\/v2\/users\/3"}],"replies":[{"embeddable":true,"href":"https:\/\/ujkafe.website\/index.php?rest_route=%2Fwp%2Fv2%2Fcomments&post=24566"}],"version-history":[{"count":0,"href":"https:\/\/ujkafe.website\/index.php?rest_route=\/wp\/v2\/posts\/24566\/revisions"}],"wp:attachment":[{"href":"https:\/\/ujkafe.website\/index.php?rest_route=%2Fwp%2Fv2%2Fmedia&parent=24566"}],"wp:term":[{"taxonomy":"category","embeddable":true,"href":"https:\/\/ujkafe.website\/index.php?rest_route=%2Fwp%2Fv2%2Fcategories&post=24566"},{"taxonomy":"post_tag","embeddable":true,"href":"https:\/\/ujkafe.website\/index.php?rest_route=%2Fwp%2Fv2%2Ftags&post=24566"}],"curies":[{"name":"wp","href":"https:\/\/api.w.org\/{rel}","templated":true}]}}