
{"id":24648,"date":"2013-08-13T07:48:03","date_gmt":"2013-08-13T07:48:03","guid":{"rendered":"https:\/\/ujkafe.website\/?p=24648"},"modified":"2013-08-13T07:48:03","modified_gmt":"2013-08-13T07:48:03","slug":"unnep","status":"publish","type":"post","link":"https:\/\/ujkafe.website\/?p=24648","title":{"rendered":"\u00dcnnep"},"content":{"rendered":"<div id=\"attachment_24651\" style=\"width: 639px\" class=\"wp-caption alignnone\"><img loading=\"lazy\" decoding=\"async\" aria-describedby=\"caption-attachment-24651\" class=\"size-full wp-image-24651\" alt=\"unnep_fototanu_pusztai\" src=\"https:\/\/ujkafe.website\/wp-content\/uploads\/2013\/08\/unnep_fototanu_pusztai.jpg\" width=\"629\" height=\"461\" srcset=\"https:\/\/ujkafe.website\/wp-content\/uploads\/2013\/08\/unnep_fototanu_pusztai.jpg 629w, https:\/\/ujkafe.website\/wp-content\/uploads\/2013\/08\/unnep_fototanu_pusztai-300x219.jpg 300w\" sizes=\"auto, (max-width: 629px) 100vw, 629px\" \/><p id=\"caption-attachment-24651\" class=\"wp-caption-text\">Fot\u00f3: Pusztai P\u00e9ter<\/p><\/div>\n<p>Mindenki mag\u00e1ban hordja az \u00fcnnepet, mint ahogy viselked\u00e9sben sem vagyunk azonosak. Hasonl\u00edtunk, de kinek-kinek kil\u00e1tszik az inge al\u00f3l az egy\u00e9nis\u00e9ge.<!--more--><\/p>\n<p>Pusztai P\u00e9ter remek mag\u00e1nriportja az \u00fcnnepl\u00e9s bels\u0151 elszabadul\u00e1s\u00e1t r\u00f6gz\u00edti. Minden laza mozdulat, minden elszabad\u00edtott g\u00e1tl\u00e1s, a gesztusokban kit\u00f6r\u0151 \u00f6r\u00f6m az \u00fcnnep l\u00e9nyeg\u00e9t hordozza benn\u00fcnk. A ki\u00fcr\u00fclt, fetreng\u0151 \u00fcvegek, s vel\u00fck egy\u00fctt a kaotikusan hengered\u0151 MI egy kiter\u00edtett text\u00edli\u00e1n &#8211; el\u00e9g a boldogs\u00e1ghoz. A pillanat f\u00e9ny\u00e9hez. Amikor nincs se el\u0151tte, se ut\u00e1na, csak a MOST van&#8230;<\/p>\n<p>Ez\u00e9rt tud olykor a nevet\u00e9s pillanatok alatt s\u00edr\u00e1sba v\u00e1ltani, a rem\u00e9ny k\u00e9ts\u00e9gbees\u00e9sbe, a pomp\u00e1z\u00f3 vir\u00e1g a vedl\u0151 hervad\u00e1sba, a kisminkelt n\u0151i arc a k\u00f6z\u00f6ns\u00e9gess\u00e9gbe \u00e9s egy torz vigyor a leggy\u00f6ng\u00e9debb mosolyba&#8230;<\/p>\n<p style=\"text-align: right;\"><em><strong>Cseke G\u00e1bor<\/strong><\/em><\/p>\n<p>Forr\u00e1s: <a href=\"http:\/\/fototanu.blogspot.ro\"><em>Fot\u00f3tan\u00fa<\/em><\/a><\/p>\n","protected":false},"excerpt":{"rendered":"<p>Mindenki mag\u00e1ban hordja az \u00fcnnepet, mint ahogy viselked\u00e9sben sem vagyunk azonosak. Hasonl\u00edtunk, de kinek-kinek kil\u00e1tszik az inge al\u00f3l az egy\u00e9nis\u00e9ge.<\/p>\n","protected":false},"author":3,"featured_media":0,"comment_status":"open","ping_status":"open","sticky":false,"template":"","format":"standard","meta":{"_monsterinsights_skip_tracking":false,"_monsterinsights_sitenote_active":false,"_monsterinsights_sitenote_note":"","_monsterinsights_sitenote_category":0,"ngg_post_thumbnail":0,"footnotes":""},"categories":[5],"tags":[],"class_list":["post-24648","post","type-post","status-publish","format-standard","hentry","category-foto"],"_links":{"self":[{"href":"https:\/\/ujkafe.website\/index.php?rest_route=\/wp\/v2\/posts\/24648","targetHints":{"allow":["GET"]}}],"collection":[{"href":"https:\/\/ujkafe.website\/index.php?rest_route=\/wp\/v2\/posts"}],"about":[{"href":"https:\/\/ujkafe.website\/index.php?rest_route=\/wp\/v2\/types\/post"}],"author":[{"embeddable":true,"href":"https:\/\/ujkafe.website\/index.php?rest_route=\/wp\/v2\/users\/3"}],"replies":[{"embeddable":true,"href":"https:\/\/ujkafe.website\/index.php?rest_route=%2Fwp%2Fv2%2Fcomments&post=24648"}],"version-history":[{"count":0,"href":"https:\/\/ujkafe.website\/index.php?rest_route=\/wp\/v2\/posts\/24648\/revisions"}],"wp:attachment":[{"href":"https:\/\/ujkafe.website\/index.php?rest_route=%2Fwp%2Fv2%2Fmedia&parent=24648"}],"wp:term":[{"taxonomy":"category","embeddable":true,"href":"https:\/\/ujkafe.website\/index.php?rest_route=%2Fwp%2Fv2%2Fcategories&post=24648"},{"taxonomy":"post_tag","embeddable":true,"href":"https:\/\/ujkafe.website\/index.php?rest_route=%2Fwp%2Fv2%2Ftags&post=24648"}],"curies":[{"name":"wp","href":"https:\/\/api.w.org\/{rel}","templated":true}]}}