
{"id":24856,"date":"2013-08-22T05:00:16","date_gmt":"2013-08-22T05:00:16","guid":{"rendered":"https:\/\/ujkafe.website\/?p=24856"},"modified":"2013-08-22T05:00:46","modified_gmt":"2013-08-22T05:00:46","slug":"felfordulat","status":"publish","type":"post","link":"https:\/\/ujkafe.website\/?p=24856","title":{"rendered":"F\u00e9lfordulat"},"content":{"rendered":"<p><img loading=\"lazy\" decoding=\"async\" class=\"alignnone size-full wp-image-24861\" alt=\"fotoanu_kasza_sz_joska\" src=\"https:\/\/ujkafe.website\/wp-content\/uploads\/2013\/08\/fotoanu_kasza_sz_joska.jpg\" width=\"629\" height=\"359\" srcset=\"https:\/\/ujkafe.website\/wp-content\/uploads\/2013\/08\/fotoanu_kasza_sz_joska.jpg 629w, https:\/\/ujkafe.website\/wp-content\/uploads\/2013\/08\/fotoanu_kasza_sz_joska-300x171.jpg 300w\" sizes=\"auto, (max-width: 629px) 100vw, 629px\" \/><\/p>\n<p><em>&#8222;N\u00e1lunk mindig csak a lekasz\u00e1lt f\u00fcvet kellett forgatni.&#8221;<\/em><\/p>\n<p>Ezt a kapit\u00e1lis mondatot, mely mintha az ide beillesztett <strong>Szab\u00f3 J\u00f3zsef<\/strong> fot\u00f3r\u00f3l (Sz\u00e9kelyudvarhely) l\u00e9pett volna le, s\u0151t val\u00f3s\u00e1ggal sug\u00e1rzik r\u00f3la (mintha ez lenne az \u0151 &#8222;eszmei mondanival\u00f3ja&#8221;),<!--more--> Elekes Ferenc blogj\u00e1r\u00f3l, annak is a megjegyz\u00e9seknek nevezett valamikori l\u00e1bjegyzeteib\u0151l emeltem ide, mert t\u00f6k\u00e9letesen magyar\u00e1zza azt a f\u00e9lfordulatot, aminek az \u00edv\u00e9t a sz\u00e9kely kasz\u00e1s ember olyan sz\u00e9pen demonstr\u00e1l.<\/p>\n<p>Igen, ha egyszer term\u00e9ketlen egy vid\u00e9k, s ink\u00e1bb csak a term\u00e9szet vetette szeg\u00e9nyes mezei f\u00fcveket kin\u00e1l \u00f6nsz\u00e1nt\u00e1b\u00f3l, akkor azt le kell \u00e1m kasz\u00e1lni, s ut\u00e1na meg kell forgatni. Szinte-szinte hogy sorsszer\u0171s\u00e9g ez, ami ellen csak az otoba emberek kap\u00e1l\u00f3znak, hogy ez \u00e9greki\u00e1lt\u00f3 igazs\u00e1gtalans\u00e1g, \u00e9s hogy mi\u00e9rt van ez igy, teremt\u0151m?!<\/p>\n<p>Az okos ember nem b\u0151sz\u00fcl be. A lelke kap egy adag keser\u0171 karcot, azt\u00e1n nekiv\u00e1g a f\u00e9lfordulatnak, majd a forgat\u00e1snak &#8211; amir\u0151l azt\u00e1n m\u00e1sok filmeket forgatnak, fot\u00f3kat k\u00e9sz\u00edtenek&#8230;<\/p>\n<p style=\"text-align: right;\"><em><strong>Cseke G\u00e1bor<\/strong><\/em><\/p>\n<p>Forr\u00e1s: <a href=\"http:\/\/fototanu.blogspot.ro\"><em>Fot\u00f3tan\u00fa<\/em><\/a><\/p>\n","protected":false},"excerpt":{"rendered":"<p>&#8222;N\u00e1lunk mindig csak a lekasz\u00e1lt f\u00fcvet kellett forgatni.&#8221; Ezt a kapit\u00e1lis mondatot, mely mintha az ide beillesztett Szab\u00f3 J\u00f3zsef fot\u00f3r\u00f3l (Sz\u00e9kelyudvarhely) l\u00e9pett volna le, s\u0151t val\u00f3s\u00e1ggal sug\u00e1rzik r\u00f3la (mintha ez lenne az \u0151 &#8222;eszmei mondanival\u00f3ja&#8221;),<\/p>\n","protected":false},"author":3,"featured_media":0,"comment_status":"open","ping_status":"open","sticky":false,"template":"","format":"standard","meta":{"_monsterinsights_skip_tracking":false,"_monsterinsights_sitenote_active":false,"_monsterinsights_sitenote_note":"","_monsterinsights_sitenote_category":0,"ngg_post_thumbnail":0,"footnotes":""},"categories":[5],"tags":[],"class_list":["post-24856","post","type-post","status-publish","format-standard","hentry","category-foto"],"_links":{"self":[{"href":"https:\/\/ujkafe.website\/index.php?rest_route=\/wp\/v2\/posts\/24856","targetHints":{"allow":["GET"]}}],"collection":[{"href":"https:\/\/ujkafe.website\/index.php?rest_route=\/wp\/v2\/posts"}],"about":[{"href":"https:\/\/ujkafe.website\/index.php?rest_route=\/wp\/v2\/types\/post"}],"author":[{"embeddable":true,"href":"https:\/\/ujkafe.website\/index.php?rest_route=\/wp\/v2\/users\/3"}],"replies":[{"embeddable":true,"href":"https:\/\/ujkafe.website\/index.php?rest_route=%2Fwp%2Fv2%2Fcomments&post=24856"}],"version-history":[{"count":0,"href":"https:\/\/ujkafe.website\/index.php?rest_route=\/wp\/v2\/posts\/24856\/revisions"}],"wp:attachment":[{"href":"https:\/\/ujkafe.website\/index.php?rest_route=%2Fwp%2Fv2%2Fmedia&parent=24856"}],"wp:term":[{"taxonomy":"category","embeddable":true,"href":"https:\/\/ujkafe.website\/index.php?rest_route=%2Fwp%2Fv2%2Fcategories&post=24856"},{"taxonomy":"post_tag","embeddable":true,"href":"https:\/\/ujkafe.website\/index.php?rest_route=%2Fwp%2Fv2%2Ftags&post=24856"}],"curies":[{"name":"wp","href":"https:\/\/api.w.org\/{rel}","templated":true}]}}