
{"id":24888,"date":"2013-08-23T18:37:05","date_gmt":"2013-08-23T18:37:05","guid":{"rendered":"https:\/\/ujkafe.website\/?p=24888"},"modified":"2013-08-23T18:37:05","modified_gmt":"2013-08-23T18:37:05","slug":"varga-bela-keretben","status":"publish","type":"post","link":"https:\/\/ujkafe.website\/?p=24888","title":{"rendered":"Varga B\u00e9la: Keretben"},"content":{"rendered":"<div id=\"attachment_24889\" style=\"width: 493px\" class=\"wp-caption alignnone\"><img loading=\"lazy\" decoding=\"async\" aria-describedby=\"caption-attachment-24889\" class=\" wp-image-24889\" alt=\"varga_ifi71_aug5\" src=\"https:\/\/ujkafe.website\/wp-content\/uploads\/2013\/08\/varga_ifi71_aug5.jpg\" width=\"483\" height=\"672\" srcset=\"https:\/\/ujkafe.website\/wp-content\/uploads\/2013\/08\/varga_ifi71_aug5.jpg 604w, https:\/\/ujkafe.website\/wp-content\/uploads\/2013\/08\/varga_ifi71_aug5-215x300.jpg 215w\" sizes=\"auto, (max-width: 483px) 100vw, 483px\" \/><p id=\"caption-attachment-24889\" class=\"wp-caption-text\">Arch\u00edv fot\u00f3 az Ifj\u00famunk\u00e1s 1971. augusztus 5-i sz\u00e1m\u00e1b\u00f3l<\/p><\/div>\n","protected":false},"excerpt":{"rendered":"","protected":false},"author":3,"featured_media":0,"comment_status":"open","ping_status":"open","sticky":false,"template":"","format":"standard","meta":{"_monsterinsights_skip_tracking":false,"_monsterinsights_sitenote_active":false,"_monsterinsights_sitenote_note":"","_monsterinsights_sitenote_category":0,"ngg_post_thumbnail":0,"footnotes":""},"categories":[5],"tags":[],"class_list":["post-24888","post","type-post","status-publish","format-standard","hentry","category-foto"],"_links":{"self":[{"href":"https:\/\/ujkafe.website\/index.php?rest_route=\/wp\/v2\/posts\/24888","targetHints":{"allow":["GET"]}}],"collection":[{"href":"https:\/\/ujkafe.website\/index.php?rest_route=\/wp\/v2\/posts"}],"about":[{"href":"https:\/\/ujkafe.website\/index.php?rest_route=\/wp\/v2\/types\/post"}],"author":[{"embeddable":true,"href":"https:\/\/ujkafe.website\/index.php?rest_route=\/wp\/v2\/users\/3"}],"replies":[{"embeddable":true,"href":"https:\/\/ujkafe.website\/index.php?rest_route=%2Fwp%2Fv2%2Fcomments&post=24888"}],"version-history":[{"count":0,"href":"https:\/\/ujkafe.website\/index.php?rest_route=\/wp\/v2\/posts\/24888\/revisions"}],"wp:attachment":[{"href":"https:\/\/ujkafe.website\/index.php?rest_route=%2Fwp%2Fv2%2Fmedia&parent=24888"}],"wp:term":[{"taxonomy":"category","embeddable":true,"href":"https:\/\/ujkafe.website\/index.php?rest_route=%2Fwp%2Fv2%2Fcategories&post=24888"},{"taxonomy":"post_tag","embeddable":true,"href":"https:\/\/ujkafe.website\/index.php?rest_route=%2Fwp%2Fv2%2Ftags&post=24888"}],"curies":[{"name":"wp","href":"https:\/\/api.w.org\/{rel}","templated":true}]}}