
{"id":24982,"date":"2013-08-27T08:28:05","date_gmt":"2013-08-27T08:28:05","guid":{"rendered":"https:\/\/ujkafe.website\/?p=24982"},"modified":"2013-08-27T08:28:05","modified_gmt":"2013-08-27T08:28:05","slug":"kalaka","status":"publish","type":"post","link":"https:\/\/ujkafe.website\/?p=24982","title":{"rendered":"Kal\u00e1ka"},"content":{"rendered":"<div id=\"attachment_24985\" style=\"width: 627px\" class=\"wp-caption alignnone\"><img loading=\"lazy\" decoding=\"async\" aria-describedby=\"caption-attachment-24985\" class=\" wp-image-24985\" alt=\"balintzsiga_kalaka_palpataka_83\" src=\"https:\/\/ujkafe.website\/wp-content\/uploads\/2013\/08\/balintzsiga_kalaka_palpataka_83.jpg\" width=\"617\" height=\"414\" srcset=\"https:\/\/ujkafe.website\/wp-content\/uploads\/2013\/08\/balintzsiga_kalaka_palpataka_83.jpg 1028w, https:\/\/ujkafe.website\/wp-content\/uploads\/2013\/08\/balintzsiga_kalaka_palpataka_83-300x201.jpg 300w, https:\/\/ujkafe.website\/wp-content\/uploads\/2013\/08\/balintzsiga_kalaka_palpataka_83-1024x687.jpg 1024w\" sizes=\"auto, (max-width: 617px) 100vw, 617px\" \/><p id=\"caption-attachment-24985\" class=\"wp-caption-text\">Fot\u00f3 B\u00e1lint Zsigmond<\/p><\/div>\n<p>Ez a fot\u00f3 egy 1983-as p\u00e1lpataki (7 kilom\u00e9terre fekszik Korondt\u00f3l) kal\u00e1k\u00e1t \u00e1br\u00e1zol, annak is a kellemesebb, \u00e9let\u00f6r\u00f6mes r\u00e9sz\u00e9t,<!--more--> amikor a k\u00f6z\u00f6s er\u0151fesz\u00edt\u00e9st k\u00f6z\u00f6s \u00e9tkez\u00e9s, meghitt egy\u00fcttl\u00e9t, a z\u00f6ld f\u0171 \u00f6r\u00f6kk\u00e9 divatos \u00e9s b\u00e1rsonyos ter\u00edtett sz\u0151nyege k\u00eds\u00e9rte. A lovacsk\u00e1k is nyugodtan majszolhattak a f\u00e9l\u00e1rny\u00e9kban, k\u00e9t igavon\u00e1s k\u00f6z\u00f6tt, s a k\u00f6z\u00f6s f\u00e9nyk\u00e9pezked\u00e9s sem maradt el, hiszen a fot\u00f3s az\u00e9rt ment oda k\u00f6z\u00e9j\u00fck, a sz\u00e9kelyf\u00f6ldi h\u00f3rukk szerepl\u0151i k\u00f6z\u00e9, hogy m\u00e1ll\u00f3-boml\u00f3-kikop\u00f3-ki\u00fcr\u00fcl\u0151 \u00e9letm\u00f3djukb\u00f3l m\u00e9g megmentsen egy-k\u00e9t-h\u00e1rom-n\u00e9h\u00e1ny k\u00e9pkock\u00e1t.<\/p>\n<p>A fot\u00f3t a Megtart\u00f3 m\u00e1ss\u00e1g c\u00edm\u0171 albumban l\u00e1ttam el\u0151sz\u00f6r, amit Marosv\u00e1s\u00e1rhelyen adtak ki a m\u00falt sz\u00e1zad kilencvenes \u00e9veiben, s a legjobb marosv\u00e1s\u00e1rhelyi fot\u00f3sok mutatt\u00e1k fel benne n\u00e9prajzi fogantat\u00e1s\u00fa felv\u00e9teleiket, jelezve ez\u00e1ltal az Erd\u00e9lyben \u00e9s Rom\u00e1ni\u00e1ban \u00e9l\u0151 n\u00e9pcsoportok, kult\u00far\u00e1k habitus\u00e1t, szok\u00e1svil\u00e1g\u00e1t \u00e9s \u00e9letk\u00f6zeg\u00e9t. B\u00e1lint Zsigmond k\u00e9pei az album f\u0151 \u00e9kess\u00e9gei k\u00f6z\u00e9 tartoznak &#8211; kikezdhetetlen hiteless\u00e9g\u00fck r\u00e9v\u00e9n.<\/p>\n<p style=\"text-align: right;\"><em><strong>Cseke G\u00e1bor<\/strong><\/em><\/p>\n<p>Forr\u00e1s: <a href=\"http:\/\/fototanu.blogspot.ro\"><em>Fot\u00f3tan\u00fa<\/em><\/a><\/p>\n<p><a href=\"http:\/\/picasaweb.google.ca\/kvaricsg\/BalintZsigmondPortfolio?authkey=Gv1sRgCO2okK_blNqLugE#\">(A fot\u00f3m\u0171v\u00e9sz \u00e1ltalam \u00f6ssze\u00e1llitott portf\u00f3li\u00f3ja &#8211; itt.)<\/a><\/p>\n","protected":false},"excerpt":{"rendered":"<p>Ez a fot\u00f3 egy 1983-as p\u00e1lpataki (7 kilom\u00e9terre fekszik Korondt\u00f3l) kal\u00e1k\u00e1t \u00e1br\u00e1zol, annak is a kellemesebb, \u00e9let\u00f6r\u00f6mes r\u00e9sz\u00e9t,<\/p>\n","protected":false},"author":3,"featured_media":0,"comment_status":"open","ping_status":"open","sticky":false,"template":"","format":"standard","meta":{"_monsterinsights_skip_tracking":false,"_monsterinsights_sitenote_active":false,"_monsterinsights_sitenote_note":"","_monsterinsights_sitenote_category":0,"ngg_post_thumbnail":0,"footnotes":""},"categories":[5],"tags":[],"class_list":["post-24982","post","type-post","status-publish","format-standard","hentry","category-foto"],"_links":{"self":[{"href":"https:\/\/ujkafe.website\/index.php?rest_route=\/wp\/v2\/posts\/24982","targetHints":{"allow":["GET"]}}],"collection":[{"href":"https:\/\/ujkafe.website\/index.php?rest_route=\/wp\/v2\/posts"}],"about":[{"href":"https:\/\/ujkafe.website\/index.php?rest_route=\/wp\/v2\/types\/post"}],"author":[{"embeddable":true,"href":"https:\/\/ujkafe.website\/index.php?rest_route=\/wp\/v2\/users\/3"}],"replies":[{"embeddable":true,"href":"https:\/\/ujkafe.website\/index.php?rest_route=%2Fwp%2Fv2%2Fcomments&post=24982"}],"version-history":[{"count":0,"href":"https:\/\/ujkafe.website\/index.php?rest_route=\/wp\/v2\/posts\/24982\/revisions"}],"wp:attachment":[{"href":"https:\/\/ujkafe.website\/index.php?rest_route=%2Fwp%2Fv2%2Fmedia&parent=24982"}],"wp:term":[{"taxonomy":"category","embeddable":true,"href":"https:\/\/ujkafe.website\/index.php?rest_route=%2Fwp%2Fv2%2Fcategories&post=24982"},{"taxonomy":"post_tag","embeddable":true,"href":"https:\/\/ujkafe.website\/index.php?rest_route=%2Fwp%2Fv2%2Ftags&post=24982"}],"curies":[{"name":"wp","href":"https:\/\/api.w.org\/{rel}","templated":true}]}}