
{"id":25135,"date":"2013-09-02T05:23:14","date_gmt":"2013-09-02T05:23:14","guid":{"rendered":"https:\/\/ujkafe.website\/?p=25135"},"modified":"2013-09-02T05:23:38","modified_gmt":"2013-09-02T05:23:38","slug":"erdokiraly","status":"publish","type":"post","link":"https:\/\/ujkafe.website\/?p=25135","title":{"rendered":"Erd\u0151kir\u00e1ly"},"content":{"rendered":"<div id=\"attachment_25139\" style=\"width: 444px\" class=\"wp-caption alignnone\"><img loading=\"lazy\" decoding=\"async\" aria-describedby=\"caption-attachment-25139\" class=\"size-full wp-image-25139\" alt=\"051sarzsinszkyferenc-049\" src=\"https:\/\/ujkafe.website\/wp-content\/uploads\/2013\/09\/051sarzsinszkyferenc-049.jpg\" width=\"434\" height=\"576\" srcset=\"https:\/\/ujkafe.website\/wp-content\/uploads\/2013\/09\/051sarzsinszkyferenc-049.jpg 434w, https:\/\/ujkafe.website\/wp-content\/uploads\/2013\/09\/051sarzsinszkyferenc-049-226x300.jpg 226w\" sizes=\"auto, (max-width: 434px) 100vw, 434px\" \/><p id=\"caption-attachment-25139\" class=\"wp-caption-text\">Fot\u00f3 Sarzsinszky Ferenc<\/p><\/div>\n<p>A fot\u00f3s fa\u00e1br\u00e1zol\u00e1s egyik telital\u00e1lata &#8211; legal\u00e1bb is azon k\u00e9pek k\u00f6z\u00fcl, amiket \u00e9letemben a t\u00e9m\u00e1ban l\u00e1ttam.<!--more--><\/p>\n<p>Szerz\u0151je, a kolozsv\u00e1ri Sarzsinszky Ferenc m\u00e1r nem \u00e9l, n\u00e9h\u00e1ny pap\u00edrk\u00e9pe lapul n\u00e1lam, amiket az El\u0151re S\u00f6t\u00e9tkamra rovat\u00e1nak k\u00fcld\u00f6tt, akkor m\u00e1r reszket\u0151 kez\u0171 nyugd\u00edjask\u00e9nt, de nyughatatlan fot\u00f3sk\u00e9nt.<\/p>\n<p>J\u00f3l meghat\u00e1rozott helye volt az erd\u00e9lyi amat\u0151r fot\u00f3s mozgalomban. Siker\u00fclt k\u00e9peivel kiv\u00edvta mag\u00e1nak azt a helyet, amit nem vehetett el t\u0151le senki, mert n\u00e9h\u00e1ny felv\u00e9tele egyszer\u0171en verhetetlen!<\/p>\n<p>Az Erd\u0151kir\u00e1ly ezek k\u00f6z\u00fcl val\u00f3. A term\u00e9szet emberiess\u00e9g\u00e9t sugall\u00f3 formaazonoss\u00e1g egy\u00fattal a forditott utat is felkin\u00e1lja: az emberben megl\u00e1tni a term\u00e9szet kimer\u00edthetetlen formai v\u00e1ltozatoss\u00e1g\u00e1t. Ki tudja, lehet, hogy aki e vil\u00e1got elk\u00f6vette, \u00e9ppen a m\u00e1r megl\u00e9v\u0151, \u00f6nmagukat felk\u00edn\u00e1l\u00f3 form\u00e1k k\u00f6z\u00fcl v\u00e1lasztotta ki azt, ami &#8211; ma \u00fagy mondjuk &#8211; legink\u00e1bb az emberre hajaz.<\/p>\n<p style=\"text-align: right;\"><em><strong>Cseke G\u00e1bor<\/strong><\/em><\/p>\n<p>Forr\u00e1s: <a href=\"http:\/\/fototanu.blogspot.ro\/2009\/07\/erdokiraly.html\"><em>fot\u00f3tan\u00fa<\/em><\/a><\/p>\n","protected":false},"excerpt":{"rendered":"<p>A fot\u00f3s fa\u00e1br\u00e1zol\u00e1s egyik telital\u00e1lata &#8211; legal\u00e1bb is azon k\u00e9pek k\u00f6z\u00fcl, amiket \u00e9letemben a t\u00e9m\u00e1ban l\u00e1ttam.<\/p>\n","protected":false},"author":3,"featured_media":0,"comment_status":"open","ping_status":"open","sticky":false,"template":"","format":"standard","meta":{"_monsterinsights_skip_tracking":false,"_monsterinsights_sitenote_active":false,"_monsterinsights_sitenote_note":"","_monsterinsights_sitenote_category":0,"ngg_post_thumbnail":0,"footnotes":""},"categories":[5],"tags":[],"class_list":["post-25135","post","type-post","status-publish","format-standard","hentry","category-foto"],"_links":{"self":[{"href":"https:\/\/ujkafe.website\/index.php?rest_route=\/wp\/v2\/posts\/25135","targetHints":{"allow":["GET"]}}],"collection":[{"href":"https:\/\/ujkafe.website\/index.php?rest_route=\/wp\/v2\/posts"}],"about":[{"href":"https:\/\/ujkafe.website\/index.php?rest_route=\/wp\/v2\/types\/post"}],"author":[{"embeddable":true,"href":"https:\/\/ujkafe.website\/index.php?rest_route=\/wp\/v2\/users\/3"}],"replies":[{"embeddable":true,"href":"https:\/\/ujkafe.website\/index.php?rest_route=%2Fwp%2Fv2%2Fcomments&post=25135"}],"version-history":[{"count":0,"href":"https:\/\/ujkafe.website\/index.php?rest_route=\/wp\/v2\/posts\/25135\/revisions"}],"wp:attachment":[{"href":"https:\/\/ujkafe.website\/index.php?rest_route=%2Fwp%2Fv2%2Fmedia&parent=25135"}],"wp:term":[{"taxonomy":"category","embeddable":true,"href":"https:\/\/ujkafe.website\/index.php?rest_route=%2Fwp%2Fv2%2Fcategories&post=25135"},{"taxonomy":"post_tag","embeddable":true,"href":"https:\/\/ujkafe.website\/index.php?rest_route=%2Fwp%2Fv2%2Ftags&post=25135"}],"curies":[{"name":"wp","href":"https:\/\/api.w.org\/{rel}","templated":true}]}}