
{"id":25244,"date":"2013-09-05T17:47:35","date_gmt":"2013-09-05T17:47:35","guid":{"rendered":"https:\/\/ujkafe.website\/?p=25244"},"modified":"2013-09-05T17:51:22","modified_gmt":"2013-09-05T17:51:22","slug":"krajnik-nagy-karoly-az-abel-modell-kerekszaz-esztendeje","status":"publish","type":"post","link":"https:\/\/ujkafe.website\/?p=25244","title":{"rendered":"Krajnik-Nagy K\u00e1roly: Az \u00c1bel-modell kereksz\u00e1z esztendeje"},"content":{"rendered":"<div id=\"attachment_25249\" style=\"width: 471px\" class=\"wp-caption alignnone\"><img loading=\"lazy\" decoding=\"async\" aria-describedby=\"caption-attachment-25249\" class=\" wp-image-25249\" alt=\"lado\" src=\"https:\/\/ujkafe.website\/wp-content\/uploads\/2013\/09\/lado.jpg\" width=\"461\" height=\"615\" srcset=\"https:\/\/ujkafe.website\/wp-content\/uploads\/2013\/09\/lado.jpg 512w, https:\/\/ujkafe.website\/wp-content\/uploads\/2013\/09\/lado-224x300.jpg 224w\" sizes=\"auto, (max-width: 461px) 100vw, 461px\" \/><p id=\"caption-attachment-25249\" class=\"wp-caption-text\">Lad\u00f3 Lajos &#8211; a Hargita N\u00e9pe nyom\u00e1n<\/p><\/div>\n<p>A szak\u00adle\u00adxi\u00adko\u00adnok meg\u00ademl\u00e9kez\u00adnek r\u00f3la, az iro\u00addal\u00admi k\u00f6ztu\u00addat\u00adban m\u00e9gsincs ben\u00adne az, hogy Tam\u00e1si \u00c1ron h\u00edres reg\u00e9nyh\u0151se, a har\u00adgi\u00adtai erd\u0151p\u00e1sztor \u00c1bel a val\u00f3s\u00e1gban is l\u00e9te\u00adzett . L\u00e9te\u00adzett bi\u00adzony, ha nem is sz\u00e1z sz\u00e1zal\u00e9ko\u00adsan \u00fagy, ahogy m\u00e1r het\u00adven\u00f6t \u00e9ve ol\u00advas\u00adsuk \u00e9s sze\u00adretj\u00fck, ha\u00adnem ink\u00e1bb az \u00f6tletcs\u00edr\u00e1ztat\u00f3 mo\u00addell szintj\u00e9n. <!--more-->Az iro\u00addal\u00admon k\u00edv\u00fcli \u201eci\u00advil\u201d vil\u00e1gban Lad\u00f3 La\u00adjos\u00adnak h\u00edvt\u00e1k, \u00e9s \u00e9ppen sz\u00e1z \u00e9vvel ezel\u0151tt sz\u00fcle\u00adtett. Ha nem is ab\u00adban a \u201dnagy k\u00e1posz\u00adta\u00adter\u00admel\u0151 fa\u00adlu\u00adban\u201d, Cs\u00edkcsics\u00f3ban, ahon\u00adnan Tam\u00e1si sz\u00e1rmaz\u00adtat\u00adja, de nem is na\u00adgyon messze t\u0151le. A Har\u00adgi\u00adta t\u00fals\u00f3 ol\u00addal\u00e1n, L\u00f6v\u00e9t\u00e9n l\u00e1tta meg a nap\u00advil\u00e1got.<\/p>\n<p>H\u00edres la\u00adko\u00addal\u00admi tr\u00e9fa\u00admes\u00adter \u00e9des\u00adap\u00adja ti\u00adzen\u00adhat \u00e9ves fi\u00e1t \u201ev\u00e1gott t\u0171zifa\u0151rnek\u201d szerz\u0151dtet\u00adte a Tol\u00adva\u00adjos\u00adtet\u0151re, a Feh\u00e9r\u2013pa\u00adtak mell\u00e9. Kir\u00e1ndul\u00f3k vitt\u00e9k el ked\u00adves t\u00f6rt\u00e9ne\u00adte\u00adi\u00adnek, talp\u00adra\u00adesett fell\u00e9p\u00e9s\u00e9nek a h\u00edr\u00e9t Tam\u00e1si\u00adhoz Ko\u00adlozsv\u00e1rra, ahov\u00e1 csak\u00adha\u00admar, ka\u00adto\u00adnas\u00e1g ut\u00e1n \u0151 maga is fel\u00adhur\u00adcol\u00adko\u00addott. Kaz\u00e1nf\u0171t\u0151k\u00e9nt dol\u00adgo\u00adzott, t\u00f6rt\u00e9ne\u00adtei egy r\u00e9sz\u00e9t Tam\u00e1si jav\u00edtgat\u00adta, gon\u00addoz\u00adta, s bocs\u00e1jtot\u00adta k\u00f6zre az Erd\u00e9lyi He\u00adli\u00adkon ol\u00adda\u00adla\u00adin, bar\u00e1ts\u00e1gos aj\u00e1nl\u00f3 sza\u00advak k\u00eds\u00e9ret\u00e9ben. Maga a bar\u00e1ts\u00e1g az \u00c1bel a ren\u00adge\u00adteg\u00adben meg\u00adje\u00adlen\u00e9se ut\u00e1n ha\u00admar kar\u00adco\u00adso\u00addott, s a nagy si\u00adker nyom\u00e1n m\u00e9gink\u00e1bb meg\u00adece\u00adte\u00adse\u00addett .Lad\u00f3 La\u00adjos mell\u0151zve \u00e9rez\u00adte mag\u00e1t, s csal\u00f3dotts\u00e1g\u00e1ban tu\u00adlaj\u00addon sze\u00adrep\u00e9t elt\u00faloz\u00adva, pl\u00e1gi\u00adum\u00admal v\u00e1dol\u00adta meg az \u00edr\u00f3t. Aki\u00adnek a gyan\u00fas\u00edt\u00e1st vissza\u00adver\u00adni gye\u00adrekj\u00e1t\u00e9k volt, hi\u00adszen egy m\u0171al\u00adkot\u00e1s nem egy-k\u00e9t mot\u00edvum, epiz\u00f3d \u00e1tv\u00e9tel\u00e9b\u0151l, fel\u00addol\u00adgoz\u00e1s\u00e1b\u00f3l \u00e1ll, ha\u00adnem a m\u0171 ere\u00adde\u00adti st\u00edlus\u00e1ban, l\u00e1t\u00e1sm\u00f3dj\u00e1ban, a t\u00f6rt\u00e9netsz\u00f6v\u00e9s m\u00f3dj\u00e1ban, az \u00edr\u00f3i \u00fcze\u00adnet\u00adben nyilv\u00e1nul meg. Ne fe\u00adledj\u00fck, olyan vil\u00e1giro\u00addal\u00admi nagys\u00e1gok, mint pl. Shakes\u00adpeare, nem is n\u00e9h\u00e1ny r\u00e9szle\u00adtecs\u00adke erej\u00e9ig, de tel\u00adjes t\u00f6rt\u00e9ne\u00adte\u00adik\u00adben \u201eho\u00adzott anyagb\u00f3l\u201d dol\u00adgoz\u00adtak, Arany Tol\u00addi\u00adja is \u00edrott forr\u00e1sok m\u00e1sod\u2013, s\u0151t har\u00admad\u00adla\u00adgos fel\u00addol\u00adgoz\u00e1sa. A sort ak\u00e1r a No\u00adbel-d\u00edjas Csen\u00addes Don-ig foly\u00adtat\u00adhatn\u00e1nk, s ak\u00adkor m\u00e9g a mos\u00adtan\u00e1ban annyi\u00adra di\u00adva\u00adtos in\u00adter\u00adtex\u00adtu\u00ada\u00adlit\u00e1sr\u00f3l, utal\u00e1sr\u00f3l, r\u00e1j\u00e1tsz\u00e1sr\u00f3l, pa\u00adra\u00adfr\u00e1zisr\u00f3l nem is besz\u00e9lt\u00fcnk m\u00e9g. De nem is na\u00adgyon sz\u00fcks\u00e9ges, t\u00e9m\u00e1nk\u00adhoz csak na\u00adgyon \u00e9rint\u0151le\u00adge\u00adsen kap\u00adcsol\u00f3dnak.<br \/>\nAmi\u00advel vi\u00adszont ind\u00edtot\u00adtunk, az \u00c1bel-mo\u00addell ke\u00adrek\u00adsz\u00e1z esz\u00adten\u00adde\u00adje kiv\u00e1ltott m\u00e9g egyn\u00e9h\u00e1ny asszo\u00adci\u00e1ci\u00f3t. Maga a pro\u00adto-\u00c1bel, Lad\u00f3 La\u00adjos, tov\u00e1bbi \u00e9let\u00e9ben meg\u00adma\u00adradt az \u00edro\u00adgat\u00f3, amat\u0151r n\u00e9pfi szintj\u00e9n. Pe\u00addig te\u00adhets\u00e9ge\u00adsebb, sze\u00adrencs\u00e9sebb s tal\u00e1n c\u00e9ltu\u00adda\u00adto\u00adsabb sorst\u00e1rsai, mint Szab\u00f3 P\u00e1l, Ve\u00adress P\u00e9ter, mi\u00adfel\u00e9nk pe\u00addig, Erd\u00e9ly\u00adben Horv\u00e1th Istv\u00e1n, saj\u00e1t ko\u00adruk iro\u00addalm\u00e1nak \u00e9lvo\u00adnal\u00e1ba \u201e\u00edrt\u00e1k fel\u201d ma\u00adguk.<br \/>\nAz \u00c1bel-mo\u00addell \u00e9letp\u00e1ly\u00e1j\u00e1nak a meg\u00adre\u00adked\u00e9s\u00e9hez min\u00adden bi\u00adzonnyal ez a kel\u00adle\u00admet\u00adlen epiz\u00f3d is hozz\u00e1j\u00e1rult, de hogy mennyi\u00adre, an\u00adnak m\u00e1r ba\u00adjos len\u00adne ut\u00e1naj\u00e1rni. H\u00e1tt\u00e9rbe szo\u00adrul\u00e1s\u00e1hoz min\u00adden bi\u00adzonnyal Tam\u00e1si \u00c1ron min\u00adden\u00adfaj\u00adta ra\u00adjong\u00f3i is hozz\u00e1j\u00e1rul\u00adtak, az \u00edr\u00f3 kegy\u00advesz\u00adtetts\u00e9g\u00e9nek esz\u00adten\u00adde\u00adi\u00adben tal\u00e1n hasz\u00adno\u00adsabb\u00adnak \u00e9s il\u00adlend\u0151bb\u00adnek tar\u00adtott\u00e1k, hogy szem\u00e9rme\u00adsen hall\u00adgas\u00adsa\u00adnak r\u00f3la. Gon\u00addo\u00adlom, ma m\u00e1r erre nin\u00adcsen sem\u00admi sz\u00fcks\u00e9g. Lad\u00f3 La\u00adjos egyes \u00edr\u00e1sait a Har\u00adgi\u00adta N\u00e9pe 2005-\u00f6s ka\u00adlend\u00e1ri\u00adu\u00adma ele\u00adven\u00edtet\u00adte fel, men\u00adtet\u00adte meg a fe\u00adled\u00e9st\u0151l. \u00c9s m\u00e9g miel\u0151tt va\u00adla\u00adki ism\u00e9t pl\u00e1gi\u00adu\u00admot han\u00adgoz\u00adtat\u00adna, hadd vall\u00adjuk be becs\u00fcle\u00adte\u00adsen: a sz\u00e1z\u00e9ves \u00e9vfor\u00addul\u00f3ra is a Har\u00adgi\u00adta N\u00e9pe , Mih\u00e1ly J\u00e1nos eml\u00e9kez\u0151 cik\u00adke fi\u00adgyel\u00admez\u00adte\u00adtett, s\u0151t, Lad\u00f3 La\u00adjos f\u00e9nyk\u00e9p\u00e9t is, a cs\u00edki koll\u00e9g\u00e1k ut\u00f3la\u00adgos hozz\u00e1j\u00e1rul\u00e1s\u00e1val, t\u0151l\u00fck k\u00f6lcs\u00f6n\u00f6zt\u00fck. Tar\u00adtoz\u00adtunk neki ennyi\u00advel, a fe\u00adled\u00e9keny Ko\u00adlozsv\u00e1rr\u00f3l. Ahov\u00e1 nem\u00adcsak a mo\u00addell, a reg\u00e9nyh\u0151s is el\u00adju\u00adtott az \u00c1bel\u2026 foly\u00adtat\u00e1s\u00e1ban. \u00c9s ahol mo\u00addel\u00adlek, mond\u00adjuk ilyen c\u00edmmel: \u00c1bel Eur\u00f3p\u00e1ban, ma is b\u0151v\u00e9vel tal\u00e1ltat\u00adnak. Mo\u00addel\u00adlek, azok m\u00e9g igen, de pr\u00f3b\u00e1lja\u00adnak csak egyet\u00adlen Tam\u00e1sit is ker\u00edteni\u2026 <em>(2007.)<\/em><\/p>\n<p>Forr\u00e1s: <a href=\"http:\/\/eirodalom.ro\/publicisztika\/item\/1328-az-abel-modell-kerekszaz-esztendeje.html#.UijC7NIeDE0\"><em>e-irodalom.ro<\/em><\/a><\/p>\n","protected":false},"excerpt":{"rendered":"<p>A szak\u00adle\u00adxi\u00adko\u00adnok meg\u00ademl\u00e9kez\u00adnek r\u00f3la, az iro\u00addal\u00admi k\u00f6ztu\u00addat\u00adban m\u00e9gsincs ben\u00adne az, hogy Tam\u00e1si \u00c1ron h\u00edres reg\u00e9nyh\u0151se, a har\u00adgi\u00adtai erd\u0151p\u00e1sztor \u00c1bel a val\u00f3s\u00e1gban is l\u00e9te\u00adzett . L\u00e9te\u00adzett bi\u00adzony, ha nem is sz\u00e1z sz\u00e1zal\u00e9ko\u00adsan \u00fagy, ahogy m\u00e1r het\u00adven\u00f6t \u00e9ve ol\u00advas\u00adsuk \u00e9s sze\u00adretj\u00fck, ha\u00adnem ink\u00e1bb az \u00f6tletcs\u00edr\u00e1ztat\u00f3 mo\u00addell szintj\u00e9n.<\/p>\n","protected":false},"author":3,"featured_media":0,"comment_status":"open","ping_status":"open","sticky":false,"template":"","format":"standard","meta":{"_monsterinsights_skip_tracking":false,"_monsterinsights_sitenote_active":false,"_monsterinsights_sitenote_note":"","_monsterinsights_sitenote_category":0,"ngg_post_thumbnail":0,"footnotes":""},"categories":[120,5],"tags":[],"class_list":["post-25244","post","type-post","status-publish","format-standard","hentry","category-essze","category-foto"],"_links":{"self":[{"href":"https:\/\/ujkafe.website\/index.php?rest_route=\/wp\/v2\/posts\/25244","targetHints":{"allow":["GET"]}}],"collection":[{"href":"https:\/\/ujkafe.website\/index.php?rest_route=\/wp\/v2\/posts"}],"about":[{"href":"https:\/\/ujkafe.website\/index.php?rest_route=\/wp\/v2\/types\/post"}],"author":[{"embeddable":true,"href":"https:\/\/ujkafe.website\/index.php?rest_route=\/wp\/v2\/users\/3"}],"replies":[{"embeddable":true,"href":"https:\/\/ujkafe.website\/index.php?rest_route=%2Fwp%2Fv2%2Fcomments&post=25244"}],"version-history":[{"count":0,"href":"https:\/\/ujkafe.website\/index.php?rest_route=\/wp\/v2\/posts\/25244\/revisions"}],"wp:attachment":[{"href":"https:\/\/ujkafe.website\/index.php?rest_route=%2Fwp%2Fv2%2Fmedia&parent=25244"}],"wp:term":[{"taxonomy":"category","embeddable":true,"href":"https:\/\/ujkafe.website\/index.php?rest_route=%2Fwp%2Fv2%2Fcategories&post=25244"},{"taxonomy":"post_tag","embeddable":true,"href":"https:\/\/ujkafe.website\/index.php?rest_route=%2Fwp%2Fv2%2Ftags&post=25244"}],"curies":[{"name":"wp","href":"https:\/\/api.w.org\/{rel}","templated":true}]}}