
{"id":25258,"date":"2013-09-06T04:52:17","date_gmt":"2013-09-06T04:52:17","guid":{"rendered":"https:\/\/ujkafe.website\/?p=25258"},"modified":"2013-09-06T04:52:35","modified_gmt":"2013-09-06T04:52:35","slug":"a-munka-heveben","status":"publish","type":"post","link":"https:\/\/ujkafe.website\/?p=25258","title":{"rendered":"A munka hev\u00e9ben"},"content":{"rendered":"<div id=\"attachment_25261\" style=\"width: 639px\" class=\"wp-caption alignnone\"><img loading=\"lazy\" decoding=\"async\" aria-describedby=\"caption-attachment-25261\" class=\"size-full wp-image-25261\" alt=\"088morvaipal-086\" src=\"https:\/\/ujkafe.website\/wp-content\/uploads\/2013\/09\/088morvaipal-086.jpg\" width=\"629\" height=\"427\" srcset=\"https:\/\/ujkafe.website\/wp-content\/uploads\/2013\/09\/088morvaipal-086.jpg 629w, https:\/\/ujkafe.website\/wp-content\/uploads\/2013\/09\/088morvaipal-086-300x203.jpg 300w\" sizes=\"auto, (max-width: 629px) 100vw, 629px\" \/><p id=\"caption-attachment-25261\" class=\"wp-caption-text\">Fot\u00f3 Morvai P\u00e1l<\/p><\/div>\n<p>A h\u0151skori &#8211; a rom\u00e1niai rendszerv\u00e1lt\u00e1s el\u0151tti Premfot\u00f3 &#8211; idej\u00e9n <strong>Morvai P\u00e1<\/strong>l felv\u00e9telei jelentett\u00e9k (t\u00f6bb m\u00e1s alkot\u00f3 mellett) a l\u00edr\u00e1val, l\u00e1tv\u00e1nnyal szak\u00edt\u00f3, k\u00f6znapian sz\u00fcrke elemek beemel\u00e9s\u00e9t a fotogr\u00e1fi\u00e1ba.<!--more--><\/p>\n<p>A nagyv\u00e1radi fot\u00f3s ink\u00e1bb l\u00e1tleleteket k\u00e9sz\u00edtett &#8211; mintha helysz\u00ednel\u0151 fot\u00f3kat &#8211; \u00e9let\u00fcnk mell\u00e9kes, d\u00edszletszer\u0171, a p\u00f3tcselekv\u00e9s r\u00e9v\u00e9n azonban sok \u00e9letsorsban s \u00e1ltal\u00e1nos \u00e9letvitelben kulcsszerephez jut\u00f3 elemeir\u0151l.<\/p>\n<p>Ilyen a mindent bekormoz\u00f3, bef\u00fcst\u00f6l\u0151, bep\u00f6rk\u00f6l\u0151, bek\u00e1tr\u00e1nyoz\u00f3, beb\u00fcd\u00f6sit\u0151 doh\u00e1nyz\u00e1s, az akkori &#8222;szolg\u00e1latos&#8221; kapadoh\u00e1nyok, az intenziv f\u00fcst\u00f6l\u00e9s k\u00e9nyszeres divatja.<\/p>\n<p>Tudom, \u00e9rtelmis\u00e9gi k\u00f6zegben ezt \u00fagy fogadtatt\u00e1k el a k\u00f6zv\u00e9lem\u00e9nnyel, hogy az ember a munka stressz\u00e9t legy\u0171rend\u0151, bocs\u00e1natos gesztus gyan\u00e1nt r\u00e1-r\u00e1gy\u00fajt egy kopors\u00f3sz\u00f6gre, teh\u00e1t aki munka k\u00f6zben f\u00fcst\u00f6lg\u0151 embert l\u00e1t maga el\u0151tt, az ne arra gondoljon, hogy az ipse milyen felt\u0171n\u0151 m\u00f3don \u00e9s pof\u00e1tlanul szennyezik a k\u00f6rnyezet\u00e9t, hanem hogy szeg\u00e9ny feje milyen intenziven \u00e9piti a der\u00e9k emberarc\u00fa t\u00e1rsadalmat&#8230;<\/p>\n<p>Ez a k\u00e9nyszeres, keser\u0171 k\u00e9pmutat\u00e1s mind ott van Morvai P\u00e1l antologikus fot\u00f3j\u00e1n, amely a Premfot\u00f3 \u00e9s a S\u00f6t\u00e9tkamra (El\u0151re) rovat egyik megbecs\u00fclt munk\u00e1ja.<\/p>\n<p style=\"text-align: right;\"><em><strong>Cseke G\u00e1bor<\/strong><\/em><\/p>\n<p>Forr\u00e1s: <a href=\"http:\/\/fototanu.blogspot.ro\/2009\/07\/munka-heveben.html\">Fot\u00f3tan\u00fa<\/a><\/p>\n","protected":false},"excerpt":{"rendered":"<p>A h\u0151skori &#8211; a rom\u00e1niai rendszerv\u00e1lt\u00e1s el\u0151tti Premfot\u00f3 &#8211; idej\u00e9n Morvai P\u00e1l felv\u00e9telei jelentett\u00e9k (t\u00f6bb m\u00e1s alkot\u00f3 mellett) a l\u00edr\u00e1val, l\u00e1tv\u00e1nnyal szak\u00edt\u00f3, k\u00f6znapian sz\u00fcrke elemek beemel\u00e9s\u00e9t a fotogr\u00e1fi\u00e1ba.<\/p>\n","protected":false},"author":3,"featured_media":0,"comment_status":"open","ping_status":"open","sticky":false,"template":"","format":"standard","meta":{"_monsterinsights_skip_tracking":false,"_monsterinsights_sitenote_active":false,"_monsterinsights_sitenote_note":"","_monsterinsights_sitenote_category":0,"ngg_post_thumbnail":0,"footnotes":""},"categories":[5],"tags":[],"class_list":["post-25258","post","type-post","status-publish","format-standard","hentry","category-foto"],"_links":{"self":[{"href":"https:\/\/ujkafe.website\/index.php?rest_route=\/wp\/v2\/posts\/25258","targetHints":{"allow":["GET"]}}],"collection":[{"href":"https:\/\/ujkafe.website\/index.php?rest_route=\/wp\/v2\/posts"}],"about":[{"href":"https:\/\/ujkafe.website\/index.php?rest_route=\/wp\/v2\/types\/post"}],"author":[{"embeddable":true,"href":"https:\/\/ujkafe.website\/index.php?rest_route=\/wp\/v2\/users\/3"}],"replies":[{"embeddable":true,"href":"https:\/\/ujkafe.website\/index.php?rest_route=%2Fwp%2Fv2%2Fcomments&post=25258"}],"version-history":[{"count":0,"href":"https:\/\/ujkafe.website\/index.php?rest_route=\/wp\/v2\/posts\/25258\/revisions"}],"wp:attachment":[{"href":"https:\/\/ujkafe.website\/index.php?rest_route=%2Fwp%2Fv2%2Fmedia&parent=25258"}],"wp:term":[{"taxonomy":"category","embeddable":true,"href":"https:\/\/ujkafe.website\/index.php?rest_route=%2Fwp%2Fv2%2Fcategories&post=25258"},{"taxonomy":"post_tag","embeddable":true,"href":"https:\/\/ujkafe.website\/index.php?rest_route=%2Fwp%2Fv2%2Ftags&post=25258"}],"curies":[{"name":"wp","href":"https:\/\/api.w.org\/{rel}","templated":true}]}}