
{"id":25366,"date":"2013-09-11T08:56:39","date_gmt":"2013-09-11T08:56:39","guid":{"rendered":"https:\/\/ujkafe.website\/?p=25366"},"modified":"2013-09-11T08:56:39","modified_gmt":"2013-09-11T08:56:39","slug":"metro","status":"publish","type":"post","link":"https:\/\/ujkafe.website\/?p=25366","title":{"rendered":"Metr\u00f3"},"content":{"rendered":"<p><img loading=\"lazy\" decoding=\"async\" class=\"alignnone size-full wp-image-25370\" alt=\"torontoi_metro\" src=\"https:\/\/ujkafe.website\/wp-content\/uploads\/2013\/09\/torontoi_metro.jpg\" width=\"629\" height=\"499\" srcset=\"https:\/\/ujkafe.website\/wp-content\/uploads\/2013\/09\/torontoi_metro.jpg 629w, https:\/\/ujkafe.website\/wp-content\/uploads\/2013\/09\/torontoi_metro-300x237.jpg 300w\" sizes=\"auto, (max-width: 629px) 100vw, 629px\" \/><\/p>\n<p>Ez a k\u00e9p mintha a k\u00f6zvetlen k\u00f6zel\u00fcnkben, valahol Eur\u00f3p\u00e1ban k\u00e9sz\u00fclt volna, annak is a keleti fel\u00e9ben, ahol manaps\u00e1g is csak ink\u00e1bb \u00e1snak \u00e9s f\u00farnak, mintsem hogy a valamikori f\u00far\u00e1sokra eml\u00e9kezzenek &#8211; annyi \u00e9vtizeddel ut\u00e1na.<!--more--><\/p>\n<p>Amikor m\u00e1r minden csak fot\u00f3 \u00e9s fakul\u00f3 eml\u00e9k.<\/p>\n<p>Ahol ezt a k\u00e9pet kikapirg\u00e1ltam a rovat sz\u00e1m\u00e1ra, Toront\u00f3ban, ebben az \u00e9vben \u00fcnneplik ennek az iszony\u00fa kiterjed\u00e9s\u0171 nagyv\u00e1rosnak a 175. \u00e9vfordul\u00f3j\u00e1t. Ehhez pedig az is hozz\u00e1tartozik, hogy az illet\u00e9kesek minden lehet\u0151 \u00faton-m\u00f3don sz\u00e1mba veszik a v\u00e1ros l\u00e9tesit\u00e9s\u00e9nek \u00e9s kiteljesit\u00e9s\u00e9nek a t\u00f6rt\u00e9net\u00e9t. <a href=\"http:\/\/www.toronto.ca\/archives\/earliest_1_earliestknown.htm\"><em>(Mik\u00e9nt ezen a honlapon is l\u00e1that\u00f3&#8230;)<\/em><\/a><\/p>\n<p>Ebben a fot\u00f3 \u00e9lszerepet j\u00e1tszik. Az itt l\u00e1that\u00f3 jelenet, a felt\u00fart v\u00e1rosk\u00f6zponttal (Yonge \u00e9s Queens utc\u00e1k tal\u00e1lkoz\u00e1sa \u00e9ppen) 1948-ban k\u00e9sz\u00fclt, egy okt\u00f3beri napon, l\u00e1that\u00f3, itt is kevesebb a t\u00e9nylegesen dolgoz\u00f3, ann\u00e1l t\u00f6bb a drukker, akik a korl\u00e1tra t\u00e1maszkodva n\u00e9zik-n\u00e9zegetik, mik\u00e9nt illeszkednek azok az irdatlan vasgerend\u00e1k egym\u00e1shoz, amelyek az\u00f3ta is tartj\u00e1k a toront\u00f3iak l\u00e1ba alatt d\u00fcb\u00f6rg\u0151 &#8222;subway&#8221; alag\u00fatjait a beoml\u00e1st\u00f3l.<\/p>\n<p>Figyelj\u00fck meg a munka univerz\u00e1lis gesztusait \u00e9s ruhadarabjait! A metr\u00f3n\u00e1l dolgoz\u00f3k ak\u00e1r aty\u00e1nkfiai is lehetn\u00e9nek, mint ahogy biztosan voltak is Toronto t\u00f6rt\u00e9net\u00e9ben t\u00e1jainkr\u00f3l elsz\u00e1rmazott-elmenek\u00fclt-el\u00fcld\u00f6z\u00f6tt emberek, akik, mivel idehaza nem tehett\u00e9k, az \u00faj vil\u00e1g\u00e9rt tettek valami t\u00f6bbet, jobbat, ami azt\u00e1n meg\u0151rizte az \u0151 j\u00f3 hir\u00fcket, eml\u00e9kezet\u00fcket.<\/p>\n<p>J\u00f3l van-e ez \u00edgy? &#8211; nem tiszt\u00fcnk ezt firtatni, hiszen a m\u00falt m\u00e1r \u00edrva \u00e9s bekeretezve vagyon, mint egy k\u00e9p a m\u00fazeumban, legfeljebb id\u0151nk\u00e9nt let\u00f6rlik r\u00f3la a port.<\/p>\n<p style=\"text-align: right;\"><em><strong>Cseke G\u00e1bor<\/strong><\/em><\/p>\n<p>Forr\u00e1s: <a href=\"http:\/\/fototanu.blogspot.ro\"><em>Fot\u00f3tan\u00fa<\/em><\/a><\/p>\n","protected":false},"excerpt":{"rendered":"<p>Ez a k\u00e9p mintha a k\u00f6zvetlen k\u00f6zel\u00fcnkben, valahol Eur\u00f3p\u00e1ban k\u00e9sz\u00fclt volna, annak is a keleti fel\u00e9ben, ahol manaps\u00e1g is csak ink\u00e1bb \u00e1snak \u00e9s f\u00farnak, mintsem hogy a valamikori f\u00far\u00e1sokra eml\u00e9kezzenek &#8211; annyi \u00e9vtizeddel ut\u00e1na.<\/p>\n","protected":false},"author":3,"featured_media":0,"comment_status":"open","ping_status":"open","sticky":false,"template":"","format":"standard","meta":{"_monsterinsights_skip_tracking":false,"_monsterinsights_sitenote_active":false,"_monsterinsights_sitenote_note":"","_monsterinsights_sitenote_category":0,"ngg_post_thumbnail":0,"footnotes":""},"categories":[5],"tags":[],"class_list":["post-25366","post","type-post","status-publish","format-standard","hentry","category-foto"],"_links":{"self":[{"href":"https:\/\/ujkafe.website\/index.php?rest_route=\/wp\/v2\/posts\/25366","targetHints":{"allow":["GET"]}}],"collection":[{"href":"https:\/\/ujkafe.website\/index.php?rest_route=\/wp\/v2\/posts"}],"about":[{"href":"https:\/\/ujkafe.website\/index.php?rest_route=\/wp\/v2\/types\/post"}],"author":[{"embeddable":true,"href":"https:\/\/ujkafe.website\/index.php?rest_route=\/wp\/v2\/users\/3"}],"replies":[{"embeddable":true,"href":"https:\/\/ujkafe.website\/index.php?rest_route=%2Fwp%2Fv2%2Fcomments&post=25366"}],"version-history":[{"count":0,"href":"https:\/\/ujkafe.website\/index.php?rest_route=\/wp\/v2\/posts\/25366\/revisions"}],"wp:attachment":[{"href":"https:\/\/ujkafe.website\/index.php?rest_route=%2Fwp%2Fv2%2Fmedia&parent=25366"}],"wp:term":[{"taxonomy":"category","embeddable":true,"href":"https:\/\/ujkafe.website\/index.php?rest_route=%2Fwp%2Fv2%2Fcategories&post=25366"},{"taxonomy":"post_tag","embeddable":true,"href":"https:\/\/ujkafe.website\/index.php?rest_route=%2Fwp%2Fv2%2Ftags&post=25366"}],"curies":[{"name":"wp","href":"https:\/\/api.w.org\/{rel}","templated":true}]}}