
{"id":25410,"date":"2013-09-12T15:24:40","date_gmt":"2013-09-12T15:24:40","guid":{"rendered":"https:\/\/ujkafe.website\/?p=25410"},"modified":"2013-09-12T15:24:40","modified_gmt":"2013-09-12T15:24:40","slug":"kibedi-varga-sandor-13-arc","status":"publish","type":"post","link":"https:\/\/ujkafe.website\/?p=25410","title":{"rendered":"Kib\u00e9di Varga S\u00e1ndor: 13. ARC"},"content":{"rendered":"ngg_shortcode_0_placeholder\n<p><em>Az idei, 13. ARC ki\u00e1ll\u00edt\u00e1s t\u00e9m\u00e1ja, illetve h\u00edv\u00f3szava ez volt: Mi t\u00f6rt\u00e9nt vel\u00fcnk? A zs\u0171ri 1400 plak\u00e1tb\u00f3l v\u00e1lasztotta ki azt a 125-\u00f6t, amelyek a budapesti \u00d6tvenhatosok ter\u00e9n n\u00e9zhet\u0151k meg szeptember 22-ig. Az els\u0151 d\u00edjat Freny\u00f3 Teod\u00f3ra: Rossz nevel\u00e9s c\u00edm\u0171 munk\u00e1ja nyerte: a magyar \u00e1b\u00e9c\u00e9 bet\u0171ihez egy-egy negat\u00edv \u00e9rtelm\u0171-hangulat\u00fa p\u00e9ldasz\u00f3t t\u00e1rs\u00edtott (l\u00e1sd a 9. sz. k\u00e9pet)<\/em><\/p>\n","protected":false},"excerpt":{"rendered":"<p>Az idei, 13. ARC ki\u00e1ll\u00edt\u00e1s t\u00e9m\u00e1ja, illetve h\u00edv\u00f3szava ez volt: Mi t\u00f6rt\u00e9nt vel\u00fcnk? A zs\u0171ri 1400 plak\u00e1tb\u00f3l v\u00e1lasztotta ki azt a 125-\u00f6t, amelyek a budapesti \u00d6tvenhatosok ter\u00e9n n\u00e9zhet\u0151k meg szeptember 22-ig. Az els\u0151 d\u00edjat Freny\u00f3 Teod\u00f3ra: Rossz nevel\u00e9s c\u00edm\u0171 munk\u00e1ja nyerte: a magyar \u00e1b\u00e9c\u00e9 bet\u0171ihez egy-egy negat\u00edv \u00e9rtelm\u0171-hangulat\u00fa p\u00e9ldasz\u00f3t t\u00e1rs\u00edtott (l\u00e1sd a 9. sz. k\u00e9pet)<\/p>\n","protected":false},"author":3,"featured_media":0,"comment_status":"open","ping_status":"open","sticky":false,"template":"","format":"standard","meta":{"_monsterinsights_skip_tracking":false,"_monsterinsights_sitenote_active":false,"_monsterinsights_sitenote_note":"","_monsterinsights_sitenote_category":0,"ngg_post_thumbnail":0,"footnotes":""},"categories":[5],"tags":[],"class_list":["post-25410","post","type-post","status-publish","format-standard","hentry","category-foto"],"_links":{"self":[{"href":"https:\/\/ujkafe.website\/index.php?rest_route=\/wp\/v2\/posts\/25410","targetHints":{"allow":["GET"]}}],"collection":[{"href":"https:\/\/ujkafe.website\/index.php?rest_route=\/wp\/v2\/posts"}],"about":[{"href":"https:\/\/ujkafe.website\/index.php?rest_route=\/wp\/v2\/types\/post"}],"author":[{"embeddable":true,"href":"https:\/\/ujkafe.website\/index.php?rest_route=\/wp\/v2\/users\/3"}],"replies":[{"embeddable":true,"href":"https:\/\/ujkafe.website\/index.php?rest_route=%2Fwp%2Fv2%2Fcomments&post=25410"}],"version-history":[{"count":0,"href":"https:\/\/ujkafe.website\/index.php?rest_route=\/wp\/v2\/posts\/25410\/revisions"}],"wp:attachment":[{"href":"https:\/\/ujkafe.website\/index.php?rest_route=%2Fwp%2Fv2%2Fmedia&parent=25410"}],"wp:term":[{"taxonomy":"category","embeddable":true,"href":"https:\/\/ujkafe.website\/index.php?rest_route=%2Fwp%2Fv2%2Fcategories&post=25410"},{"taxonomy":"post_tag","embeddable":true,"href":"https:\/\/ujkafe.website\/index.php?rest_route=%2Fwp%2Fv2%2Ftags&post=25410"}],"curies":[{"name":"wp","href":"https:\/\/api.w.org\/{rel}","templated":true}]}}