
{"id":25548,"date":"2013-09-18T10:45:13","date_gmt":"2013-09-18T10:45:13","guid":{"rendered":"https:\/\/ujkafe.website\/?p=25548"},"modified":"2013-09-18T10:45:13","modified_gmt":"2013-09-18T10:45:13","slug":"gergely-tamas-stockholm","status":"publish","type":"post","link":"https:\/\/ujkafe.website\/?p=25548","title":{"rendered":"Gergely Tam\u00e1s: Stockholm"},"content":{"rendered":"<p><img loading=\"lazy\" decoding=\"async\" class=\"alignnone  wp-image-25549\" alt=\"Gergely57024\" src=\"https:\/\/ujkafe.website\/wp-content\/uploads\/2013\/09\/Gergely57024.jpg\" width=\"614\" height=\"410\" srcset=\"https:\/\/ujkafe.website\/wp-content\/uploads\/2013\/09\/Gergely57024.jpg 1024w, https:\/\/ujkafe.website\/wp-content\/uploads\/2013\/09\/Gergely57024-300x200.jpg 300w\" sizes=\"auto, (max-width: 614px) 100vw, 614px\" \/><\/p>\n<p>K\u00e9t \u00e9vvel ezel\u0151tt felh\u00edv\u00e1s \u00e9rkezett, hogy vegyek r\u00e9szt egy fot\u00f3ki\u00e1ll\u00edt\u00e1son, amelyiknek t\u00e9m\u00e1ja Stockholm. Gondolkoztam, mit f\u00e9nykepezhetek, mi a jellemz\u0151 a v\u00e1rosra. S ahogy itt a csillagvizsg\u00e1l\u00f3 k\u00f6rny\u00e9k\u00e9n szell\u0151ztettem a fejem, egyszer csak megl\u00e1tom a kicsi s\u00e1rga t\u00e1bl\u00e1t, sz\u00e1mmal, <!--more-->valakinek valamit jelent, v\u00edzszerel\u0151nek, k\u00e9m\u00e9nysepr\u0151nek, tudta a csoda&#8230; \u00a0Arra gondoltam, ebben az egyre elszem\u00e9lytelened\u0151 vil\u00e1gunkban tal\u00e1n a sz\u00e1mok jelentenek t\u00f6bbet, mint az egy\u00e9nek. H\u00e1t lef\u00e9nyk\u00e9peztem a t\u00e1bl\u00e1t, elk\u00fcldtem a ki\u00e1ll\u00edt\u00e1sra, ahol tudom\u00e1som szerint nem \u00e1ll\u00edtott\u00e1k ki. Pedig h\u00e1t nem kik\u00f6p\u00f6tt Stockholm?<\/p>\n","protected":false},"excerpt":{"rendered":"<p>K\u00e9t \u00e9vvel ezel\u0151tt felh\u00edv\u00e1s \u00e9rkezett, hogy vegyek r\u00e9szt egy fot\u00f3ki\u00e1ll\u00edt\u00e1son, amelyiknek t\u00e9m\u00e1ja Stockholm. Gondolkoztam, mit f\u00e9nykepezhetek, mi a jellemz\u0151 a v\u00e1rosra. S ahogy itt a csillagvizsg\u00e1l\u00f3 k\u00f6rny\u00e9k\u00e9n szell\u0151ztettem a fejem, egyszer csak megl\u00e1tom a kicsi s\u00e1rga t\u00e1bl\u00e1t, sz\u00e1mmal,<\/p>\n","protected":false},"author":3,"featured_media":0,"comment_status":"open","ping_status":"open","sticky":false,"template":"","format":"standard","meta":{"_monsterinsights_skip_tracking":false,"_monsterinsights_sitenote_active":false,"_monsterinsights_sitenote_note":"","_monsterinsights_sitenote_category":0,"ngg_post_thumbnail":0,"footnotes":""},"categories":[5],"tags":[],"class_list":["post-25548","post","type-post","status-publish","format-standard","hentry","category-foto"],"_links":{"self":[{"href":"https:\/\/ujkafe.website\/index.php?rest_route=\/wp\/v2\/posts\/25548","targetHints":{"allow":["GET"]}}],"collection":[{"href":"https:\/\/ujkafe.website\/index.php?rest_route=\/wp\/v2\/posts"}],"about":[{"href":"https:\/\/ujkafe.website\/index.php?rest_route=\/wp\/v2\/types\/post"}],"author":[{"embeddable":true,"href":"https:\/\/ujkafe.website\/index.php?rest_route=\/wp\/v2\/users\/3"}],"replies":[{"embeddable":true,"href":"https:\/\/ujkafe.website\/index.php?rest_route=%2Fwp%2Fv2%2Fcomments&post=25548"}],"version-history":[{"count":0,"href":"https:\/\/ujkafe.website\/index.php?rest_route=\/wp\/v2\/posts\/25548\/revisions"}],"wp:attachment":[{"href":"https:\/\/ujkafe.website\/index.php?rest_route=%2Fwp%2Fv2%2Fmedia&parent=25548"}],"wp:term":[{"taxonomy":"category","embeddable":true,"href":"https:\/\/ujkafe.website\/index.php?rest_route=%2Fwp%2Fv2%2Fcategories&post=25548"},{"taxonomy":"post_tag","embeddable":true,"href":"https:\/\/ujkafe.website\/index.php?rest_route=%2Fwp%2Fv2%2Ftags&post=25548"}],"curies":[{"name":"wp","href":"https:\/\/api.w.org\/{rel}","templated":true}]}}