
{"id":25702,"date":"2013-09-28T05:54:34","date_gmt":"2013-09-28T05:54:34","guid":{"rendered":"https:\/\/ujkafe.website\/?p=25702"},"modified":"2013-09-28T05:54:34","modified_gmt":"2013-09-28T05:54:34","slug":"diszletek","status":"publish","type":"post","link":"https:\/\/ujkafe.website\/?p=25702","title":{"rendered":"Diszletek"},"content":{"rendered":"<div id=\"attachment_25708\" style=\"width: 490px\" class=\"wp-caption alignnone\"><a href=\"https:\/\/ujkafe.website\/wp-content\/uploads\/2013\/09\/szekely_fototanu_mol.jpg\"><img loading=\"lazy\" decoding=\"async\" aria-describedby=\"caption-attachment-25708\" class=\" wp-image-25708\" alt=\"szekely_fototanu_mol\" src=\"https:\/\/ujkafe.website\/wp-content\/uploads\/2013\/09\/szekely_fototanu_mol.jpg\" width=\"480\" height=\"720\" srcset=\"https:\/\/ujkafe.website\/wp-content\/uploads\/2013\/09\/szekely_fototanu_mol.jpg 600w, https:\/\/ujkafe.website\/wp-content\/uploads\/2013\/09\/szekely_fototanu_mol-200x300.jpg 200w\" sizes=\"auto, (max-width: 480px) 100vw, 480px\" \/><\/a><p id=\"caption-attachment-25708\" class=\"wp-caption-text\">Fot\u00f3 Sz\u00e9kely S\u00e1ndor<\/p><\/div>\n<p>Abb\u00f3l az ezredfordul\u00f3s (2000) id\u0151b\u0151l val\u00f3 ez a b\u00e9k\u00e9s benzink\u00fati idill, amikor a rom\u00e1niai t\u00f6lt\u0151\u00e1llom\u00e1sok \u00e9let\u00e9ben megjelent \u00e9s a piaci t\u00f6rv\u00e9nyeknek megfelel\u0151en megtelepedett a bel- \u00e9s k\u00fclf\u00f6ldi konkurencia.<\/p>\n<p>Mint amilyen a MOL&#8230;<!--more--><\/p>\n<p>Amely z\u00f6ld-piros sz\u00edneivel, feh\u00e9r sz\u00f6vegfelirataival h\u00e1romsz\u00edn\u0171 \u00fczemanyag ell\u00e1t\u00e1st \u00edg\u00e9r.<\/p>\n<p>Egy Bukarestben t\u00f6rt\u00e9nt MOL-k\u00fat megnyit\u00e1sakor k\u00e9sz\u00fclt ez a riportfelv\u00e9tel, amelyet az RMSZ-n\u00e9l akkor \u00e9ppen k\u00fcls\u0151sk\u00e9nt dolgoz\u00f3 Sz\u00e9kely S\u00e1ndor k\u00e9szitett, f\u00e9lig-meddig rendel\u00e9sre (a bukaresti magyar napilap rekl\u00e1mt\u00e1mogat\u00e1st kapott az orsz\u00e1gban megteleped\u0151 magyar c\u00e9gt\u0151l a k\u00f6z\u00f6lt k\u00e9priport fej\u00e9ben), a protokoll egy laza pillanat\u00e1ban, amikor minden a hely\u00e9n volt a megtervezett t\u00f6rt\u00e9n\u00e9sben, csak \u00e9ppen hogy nem t\u00f6rt\u00e9nt akkor semmi. A fizetett rekl\u00e1mg\u00f6rl\u00f6k belef\u00e1radtak a megrendelt mosolyg\u00e1sba, v\u00e9gtagtekerget\u00e9sbe \u00e9s mosoly\u00e1radatba, s felkuporodva az egyik diszletre, laz\u00e1n bambulnak a semmibe &#8211; rossz nyelvek szerint \u00f6nmagukat adj\u00e1k&#8230;<\/p>\n<p>Megfigyelhet\u0151 a k\u00e9pen a j\u00f3l fel\u00e9pitett, term\u00e9szetellenesen diszletekb\u0151l \u00f6sszehordott vil\u00e1g. Vonjuk ki a k\u00e9pb\u0151l, ami marketing szempontb\u00f3l megrendezett &#8211; a rekl\u00e1mpann\u00f3t, a t\u0171zolt\u00f3palackot, a k\u00e9k kann\u00e1t, a z\u00f6ld pultot, a tankol\u00f3 \u00f3r\u00e1t \u00e9s a t\u00f6lt\u0151\u00e1llom\u00e1s tet\u0151szerkezet\u00e9t -, nem marad semmi a k\u00e9pb\u0151l, ami igy, fot\u00f3s szemsz\u00f6gb\u0151l most m\u00e9gis t\u00f6retlen, eg\u00e9sz.<\/p>\n<p style=\"text-align: right;\"><em><strong>Cseke G\u00e1bor<\/strong><\/em><\/p>\n<p>Forr\u00e1s: <a href=\"http:\/\/fototanu.blogspot.ro\/2009\/07\/diszletek.html\">Fot\u00f3tan\u00fa<\/a><\/p>\n","protected":false},"excerpt":{"rendered":"<p>Abb\u00f3l az ezredfordul\u00f3s (2000) id\u0151b\u0151l val\u00f3 ez a b\u00e9k\u00e9s benzink\u00fati idill, amikor a rom\u00e1niai t\u00f6lt\u0151\u00e1llom\u00e1sok \u00e9let\u00e9ben megjelent \u00e9s a piaci t\u00f6rv\u00e9nyeknek megfelel\u0151en megtelepedett a bel- \u00e9s k\u00fclf\u00f6ldi konkurencia. Mint amilyen a MOL&#8230;<\/p>\n","protected":false},"author":3,"featured_media":0,"comment_status":"open","ping_status":"open","sticky":false,"template":"","format":"standard","meta":{"_monsterinsights_skip_tracking":false,"_monsterinsights_sitenote_active":false,"_monsterinsights_sitenote_note":"","_monsterinsights_sitenote_category":0,"ngg_post_thumbnail":0,"footnotes":""},"categories":[5],"tags":[],"class_list":["post-25702","post","type-post","status-publish","format-standard","hentry","category-foto"],"_links":{"self":[{"href":"https:\/\/ujkafe.website\/index.php?rest_route=\/wp\/v2\/posts\/25702","targetHints":{"allow":["GET"]}}],"collection":[{"href":"https:\/\/ujkafe.website\/index.php?rest_route=\/wp\/v2\/posts"}],"about":[{"href":"https:\/\/ujkafe.website\/index.php?rest_route=\/wp\/v2\/types\/post"}],"author":[{"embeddable":true,"href":"https:\/\/ujkafe.website\/index.php?rest_route=\/wp\/v2\/users\/3"}],"replies":[{"embeddable":true,"href":"https:\/\/ujkafe.website\/index.php?rest_route=%2Fwp%2Fv2%2Fcomments&post=25702"}],"version-history":[{"count":0,"href":"https:\/\/ujkafe.website\/index.php?rest_route=\/wp\/v2\/posts\/25702\/revisions"}],"wp:attachment":[{"href":"https:\/\/ujkafe.website\/index.php?rest_route=%2Fwp%2Fv2%2Fmedia&parent=25702"}],"wp:term":[{"taxonomy":"category","embeddable":true,"href":"https:\/\/ujkafe.website\/index.php?rest_route=%2Fwp%2Fv2%2Fcategories&post=25702"},{"taxonomy":"post_tag","embeddable":true,"href":"https:\/\/ujkafe.website\/index.php?rest_route=%2Fwp%2Fv2%2Ftags&post=25702"}],"curies":[{"name":"wp","href":"https:\/\/api.w.org\/{rel}","templated":true}]}}