
{"id":25768,"date":"2013-09-29T14:20:48","date_gmt":"2013-09-29T14:20:48","guid":{"rendered":"https:\/\/ujkafe.website\/?p=25768"},"modified":"2013-09-29T14:20:48","modified_gmt":"2013-09-29T14:20:48","slug":"urban-adam-ma-zar-a-vidam-park","status":"publish","type":"post","link":"https:\/\/ujkafe.website\/?p=25768","title":{"rendered":"Urb\u00e1n \u00c1d\u00e1m: Ma z\u00e1r a Vid\u00e1m Park"},"content":{"rendered":"ngg_shortcode_0_placeholder\n<p><em>\u0150k voltak a Vid\u00e1mpark l\u00e1thatatlan emberei. N\u00e9lk\u00fcl\u00fck nem lehetett volna vid\u00e1ms\u00e1ggal tele a park. N\u00e9lk\u00fcl\u00fck nem m\u0171k\u00f6dtek volna a vid\u00e1ms\u00e1got csihol\u00f3 j\u00e1t\u00e9kok, n\u00e9lk\u00fcl\u00fck nem lehetett volna \u00f6nfeledt sz\u00f3rakoz\u00e1s sem. Nyit\u00e1st\u00f3l z\u00e1r\u00e1sig rajta tartott\u00e1k kez\u00fcket a Vid\u00e1m Park \u00f6sszes berendez\u00e9s\u00e9nek pulzus\u00e1n, hogy minden m\u0171k\u00f6dj\u00f6n, hogy legyenek tov\u00e1bbmenetek. A m\u0171szaki \u00e9s karbantart\u00f3 szakemberek, a h\u00fas-v\u00e9r vez\u00e9rl\u0151m\u0171vek. A h\u00e1tt\u00e9remberek, akik n\u00e9lk\u00fcl el\u0151l zajlott a gondtalan j\u00e1t\u00e9k\u00e9let. \u0150k voltak a Vid\u00e1m Park m\u0171k\u00f6dtet\u0151i. A l\u00e1thatatlan \u00e9s n\u00e9lk\u00fcl\u00f6zhetetlen h\u00e1tt\u00e9remberek&#8230;<\/em><\/p>\n","protected":false},"excerpt":{"rendered":"<p>\u0150k voltak a Vid\u00e1mpark l\u00e1thatatlan emberei. N\u00e9lk\u00fcl\u00fck nem lehetett volna vid\u00e1ms\u00e1ggal tele a park. N\u00e9lk\u00fcl\u00fck nem m\u0171k\u00f6dtek volna a vid\u00e1ms\u00e1got csihol\u00f3 j\u00e1t\u00e9kok, n\u00e9lk\u00fcl\u00fck nem lehetett volna \u00f6nfeledt sz\u00f3rakoz\u00e1s sem. Nyit\u00e1st\u00f3l z\u00e1r\u00e1sig rajta tartott\u00e1k kez\u00fcket a Vid\u00e1m Park \u00f6sszes berendez\u00e9s\u00e9nek pulzus\u00e1n, hogy minden m\u0171k\u00f6dj\u00f6n, hogy legyenek tov\u00e1bbmenetek. A m\u0171szaki \u00e9s karbantart\u00f3 szakemberek, a h\u00fas-v\u00e9r vez\u00e9rl\u0151m\u0171vek. A [&hellip;]<\/p>\n","protected":false},"author":3,"featured_media":0,"comment_status":"open","ping_status":"open","sticky":false,"template":"","format":"standard","meta":{"_monsterinsights_skip_tracking":false,"_monsterinsights_sitenote_active":false,"_monsterinsights_sitenote_note":"","_monsterinsights_sitenote_category":0,"ngg_post_thumbnail":0,"footnotes":""},"categories":[5],"tags":[],"class_list":["post-25768","post","type-post","status-publish","format-standard","hentry","category-foto"],"_links":{"self":[{"href":"https:\/\/ujkafe.website\/index.php?rest_route=\/wp\/v2\/posts\/25768","targetHints":{"allow":["GET"]}}],"collection":[{"href":"https:\/\/ujkafe.website\/index.php?rest_route=\/wp\/v2\/posts"}],"about":[{"href":"https:\/\/ujkafe.website\/index.php?rest_route=\/wp\/v2\/types\/post"}],"author":[{"embeddable":true,"href":"https:\/\/ujkafe.website\/index.php?rest_route=\/wp\/v2\/users\/3"}],"replies":[{"embeddable":true,"href":"https:\/\/ujkafe.website\/index.php?rest_route=%2Fwp%2Fv2%2Fcomments&post=25768"}],"version-history":[{"count":0,"href":"https:\/\/ujkafe.website\/index.php?rest_route=\/wp\/v2\/posts\/25768\/revisions"}],"wp:attachment":[{"href":"https:\/\/ujkafe.website\/index.php?rest_route=%2Fwp%2Fv2%2Fmedia&parent=25768"}],"wp:term":[{"taxonomy":"category","embeddable":true,"href":"https:\/\/ujkafe.website\/index.php?rest_route=%2Fwp%2Fv2%2Fcategories&post=25768"},{"taxonomy":"post_tag","embeddable":true,"href":"https:\/\/ujkafe.website\/index.php?rest_route=%2Fwp%2Fv2%2Ftags&post=25768"}],"curies":[{"name":"wp","href":"https:\/\/api.w.org\/{rel}","templated":true}]}}