
{"id":25793,"date":"2013-09-30T15:28:35","date_gmt":"2013-09-30T15:28:35","guid":{"rendered":"https:\/\/ujkafe.website\/?p=25793"},"modified":"2013-09-30T15:28:35","modified_gmt":"2013-09-30T15:28:35","slug":"b-tomos-hajnal-agg-dala","status":"publish","type":"post","link":"https:\/\/ujkafe.website\/?p=25793","title":{"rendered":"B. Tomos Hajnal: Agg dala"},"content":{"rendered":"<p>Hidd el az \u0151sznek,<br \/>\nm\u00edves elm\u00e9letnek,<br \/>\nhogy v\u00e9ge &#8211;<br \/>\nv\u00e9ge lev\u00e9lnek, f\u00e9nynek,<br \/>\nszenved\u00e9lynek \u2013<!--more--><br \/>\nkihunyt mint bor parazsa,<br \/>\nt\u0171z-daru elf\u00fal\u00f3 hangja,<br \/>\nfelh\u0151be borulva<br \/>\n\u00e9k-vonul\u00e1sa,<\/p>\n<p>de t\u00e9l-porcel\u00e1nba z\u00e1rva,<br \/>\n\u00e9rtelmed m\u00e9g fellapozza<br \/>\na b\u00e9na visszhangokat<br \/>\n\u00e9s virrasztja \u00e9jszaka-hosszat<br \/>\naz olvad\u00f3 csonkokat &#8211;<\/p>\n<p>kutatja hamvukba rekedt<br \/>\nr\u00e9gi csatatereket:<br \/>\nh\u00e1ny igaz hallgat\u00e1s<br \/>\n\u00e9s t\u00e9ves sz\u00f3bog\u00e1ncs<br \/>\nporlad mint selejt,<br \/>\n&#8211; bar\u00e1ti jobb kezek &#8211;<br \/>\nh\u00e1ny er\u0151ltetett menet<br \/>\ngy\u0151zte le<br \/>\naz \u00e1lnok rejtelmeket.<\/p>\n<p style=\"text-align: center;\"><a href=\"https:\/\/ujkafe.website\/wp-content\/uploads\/2013\/09\/Vir\u00e1g\u00e1rus.jpg\"><img loading=\"lazy\" decoding=\"async\" class=\" wp-image-25798 aligncenter\" alt=\"Vir\u00e1g\u00e1rus\" src=\"https:\/\/ujkafe.website\/wp-content\/uploads\/2013\/09\/Vir\u00e1g\u00e1rus.jpg\" width=\"362\" height=\"371\" srcset=\"https:\/\/ujkafe.website\/wp-content\/uploads\/2013\/09\/Vir\u00e1g\u00e1rus.jpg 604w, https:\/\/ujkafe.website\/wp-content\/uploads\/2013\/09\/Vir\u00e1g\u00e1rus-293x300.jpg 293w\" sizes=\"auto, (max-width: 362px) 100vw, 362px\" \/><\/a><em>A szerz\u0151 fot\u00f3ja<\/em><\/p>\n","protected":false},"excerpt":{"rendered":"<p>Hidd el az \u0151sznek, m\u00edves elm\u00e9letnek, hogy v\u00e9ge &#8211; v\u00e9ge lev\u00e9lnek, f\u00e9nynek, szenved\u00e9lynek \u2013<\/p>\n","protected":false},"author":3,"featured_media":0,"comment_status":"open","ping_status":"open","sticky":false,"template":"","format":"standard","meta":{"_monsterinsights_skip_tracking":false,"_monsterinsights_sitenote_active":false,"_monsterinsights_sitenote_note":"","_monsterinsights_sitenote_category":0,"ngg_post_thumbnail":0,"footnotes":""},"categories":[5,4],"tags":[],"class_list":["post-25793","post","type-post","status-publish","format-standard","hentry","category-foto","category-vers"],"_links":{"self":[{"href":"https:\/\/ujkafe.website\/index.php?rest_route=\/wp\/v2\/posts\/25793","targetHints":{"allow":["GET"]}}],"collection":[{"href":"https:\/\/ujkafe.website\/index.php?rest_route=\/wp\/v2\/posts"}],"about":[{"href":"https:\/\/ujkafe.website\/index.php?rest_route=\/wp\/v2\/types\/post"}],"author":[{"embeddable":true,"href":"https:\/\/ujkafe.website\/index.php?rest_route=\/wp\/v2\/users\/3"}],"replies":[{"embeddable":true,"href":"https:\/\/ujkafe.website\/index.php?rest_route=%2Fwp%2Fv2%2Fcomments&post=25793"}],"version-history":[{"count":0,"href":"https:\/\/ujkafe.website\/index.php?rest_route=\/wp\/v2\/posts\/25793\/revisions"}],"wp:attachment":[{"href":"https:\/\/ujkafe.website\/index.php?rest_route=%2Fwp%2Fv2%2Fmedia&parent=25793"}],"wp:term":[{"taxonomy":"category","embeddable":true,"href":"https:\/\/ujkafe.website\/index.php?rest_route=%2Fwp%2Fv2%2Fcategories&post=25793"},{"taxonomy":"post_tag","embeddable":true,"href":"https:\/\/ujkafe.website\/index.php?rest_route=%2Fwp%2Fv2%2Ftags&post=25793"}],"curies":[{"name":"wp","href":"https:\/\/api.w.org\/{rel}","templated":true}]}}