
{"id":25893,"date":"2013-10-04T05:31:14","date_gmt":"2013-10-04T05:31:14","guid":{"rendered":"https:\/\/ujkafe.website\/?p=25893"},"modified":"2013-10-04T05:31:14","modified_gmt":"2013-10-04T05:31:14","slug":"telepek-vandora","status":"publish","type":"post","link":"https:\/\/ujkafe.website\/?p=25893","title":{"rendered":"Telepek v\u00e1ndora"},"content":{"rendered":"<div id=\"attachment_25896\" style=\"width: 639px\" class=\"wp-caption alignnone\"><a href=\"https:\/\/ujkafe.website\/wp-content\/uploads\/2013\/10\/102szakacsvsandor-0100.jpg\"><img loading=\"lazy\" decoding=\"async\" aria-describedby=\"caption-attachment-25896\" class=\"size-full wp-image-25896\" alt=\"102szakacsvsandor-0100\" src=\"https:\/\/ujkafe.website\/wp-content\/uploads\/2013\/10\/102szakacsvsandor-0100.jpg\" width=\"629\" height=\"457\" srcset=\"https:\/\/ujkafe.website\/wp-content\/uploads\/2013\/10\/102szakacsvsandor-0100.jpg 629w, https:\/\/ujkafe.website\/wp-content\/uploads\/2013\/10\/102szakacsvsandor-0100-300x217.jpg 300w\" sizes=\"auto, (max-width: 629px) 100vw, 629px\" \/><\/a><p id=\"caption-attachment-25896\" class=\"wp-caption-text\">Fot\u00f3 Szak\u00e1cs V. S\u00e1ndor<\/p><\/div>\n<p>Egy id\u0151ben (j\u00f3 hossz\u00fa id\u0151 volt!), \u00fagy szinte kerek \u00f6tven esztendeig az volt egy m\u0171v\u00e9sz \u00fatlevele a nyilv\u00e1noss\u00e1ghoz, hogy a munk\u00e1soszt\u00e1ly, k\u00fcl\u00f6n\u00f6sen annak az \u00e9pit\u0151telepi egyedei ker\u00fcltek a m\u0171vei k\u00f6z\u00e9ppontj\u00e1ba.<!--more--><\/p>\n<p>Ez az ir\u00f3kn\u00e1l \u00fagy nyilv\u00e1nult meg, hogy gondoltak egy nagyot \u00e9s mindenf\u00e9le figur\u00e1ikat, azok gondolatait ilyen szerepl\u0151kh\u00f6z k\u00f6t\u00f6tt\u00e9k, s ezzel az \u00fcgy el is volt int\u00e9zve.<\/p>\n<p>A k\u00e9pz\u0151m\u0171v\u00e9szeknek se okozott k\u00fcl\u00f6n\u00f6sebb gondot az \u00e1br\u00e1zolt figura fej\u00e9re egy v\u00e9d\u0151sisakot vagy egymicisapk\u00e1t biggyeszteni, a test\u00e9re meg egy (mifel\u00e9nk) salop\u00e9t\u00e1nak nevezett munkaruh\u00e1t, s m\u00e1r t\u00f6k\u00e9letes volt az ill\u00fazi\u00f3.<\/p>\n<p>A fot\u00f3sok, filmesek azonban oda kellett menjenek, ahol ezek a fick\u00f3k \u00e9ltek, s legal\u00e1bb amig lencsev\u00e9gre kapt\u00e1k \u0151ket, \u00e9lni\u00fck kellett \u00e9let\u00fcket, elszenvedni\u00fck k\u00f6r\u00fclm\u00e9nyeiket.<\/p>\n<p><em><strong>Szak\u00e1cs V. S\u00e1ndor<\/strong><\/em> szinte gyermekf\u0151vel az orrom el\u0151tt lett sajt\u00f3fot\u00f3s. A csal\u00e1d am\u00fagy fot\u00f3s dinasztia, S\u00e1ndor az Ifj\u00famunk\u00e1s egyik p\u00e1ly\u00e1zat\u00e1n t\u0171nt fel, mint tehets\u00e9ges di\u00e1k, azt\u00e1n hivatalosan is foglalkoztatni kezdt\u00fck, majd megalakult Hargita megye s \u0151 Cs\u00edkszered\u00e1ban megtelepedve, ott elkezdte sajt\u00f3fot\u00f3si p\u00e1lyafut\u00e1s\u00e1t, napi tipor\u00f3d\u00e1s\u00e1t a val\u00f3 \u00e9lettel \u00e9s a gyorsan v\u00e1ltoz\u00f3 szempontokkal. A fenti fot\u00f3 eml\u00e9kezetes munk\u00e1ja, t\u00f6bb t\u00e1rlatot is megj\u00e1rt, m\u00edg a S\u00f6t\u00e9tkamr\u00e1hoz (El\u0151re) ker\u00fclt, s v\u00e9g\u00fcl, az \u00e9n gy\u0171jtem\u00e9nyembe is. A minden\u00fctt jelenl\u00e9v\u0151 sz\u00e9kely \u00e9p\u00edt\u0151munk\u00e1s ut\u00e1nozhatatlan huncuts\u00e1ga \u00e9s mosolya \u00f6r\u00f6k\u00edt\u0151dik meg ezen az \u0151szinte k\u00e9pen, mely ugyan eredetileg azt hivatott illusztr\u00e1lni, milyen boldogan \u00e9l a n\u00e9p a szocialista Rom\u00e1ni\u00e1ban, mik\u00f6zben arr\u00f3l sz\u00f3lt, hogy a sz\u00e9kely munk\u00e1st nem lehet elveszejteni, mert minden k\u00f6r\u00fclm\u00e9nyek k\u00f6z\u00f6tt a j\u00f3 oldal\u00e1t n\u00e9zi a dolgoknak \u00e9s akk\u00e9nt \u00e1ll hozz\u00e1 az \u00e9lethez.<\/p>\n<p><em>(Szak\u00e1cs V. S\u00e1ndor ma m\u00e1r nincs jelen a szakm\u00e1ban. S\u00falyos betegk\u00e9nt teng\u0151dik \u00e1llapota jobb \u00e9s rosszabb peri\u00f3dusai k\u00f6zt. De legjobb k\u00e9pei megmaradnak. )<\/em><\/p>\n<p style=\"text-align: right;\"><em><strong>Cseke G\u00e1bor<\/strong><\/em><\/p>\n<p>Forr\u00e1s: <a href=\"http:\/\/fototanu.blogspot.ro\/2009\/07\/telepek-vandora.html\">Fot\u00f3tan\u00fa<\/a><\/p>\n","protected":false},"excerpt":{"rendered":"<p>Egy id\u0151ben (j\u00f3 hossz\u00fa id\u0151 volt!), \u00fagy szinte kerek \u00f6tven esztendeig az volt egy m\u0171v\u00e9sz \u00fatlevele a nyilv\u00e1noss\u00e1ghoz, hogy a munk\u00e1soszt\u00e1ly, k\u00fcl\u00f6n\u00f6sen annak az \u00e9pit\u0151telepi egyedei ker\u00fcltek a m\u0171vei k\u00f6z\u00e9ppontj\u00e1ba.<\/p>\n","protected":false},"author":3,"featured_media":0,"comment_status":"open","ping_status":"open","sticky":false,"template":"","format":"standard","meta":{"_monsterinsights_skip_tracking":false,"_monsterinsights_sitenote_active":false,"_monsterinsights_sitenote_note":"","_monsterinsights_sitenote_category":0,"ngg_post_thumbnail":0,"footnotes":""},"categories":[5],"tags":[],"class_list":["post-25893","post","type-post","status-publish","format-standard","hentry","category-foto"],"_links":{"self":[{"href":"https:\/\/ujkafe.website\/index.php?rest_route=\/wp\/v2\/posts\/25893","targetHints":{"allow":["GET"]}}],"collection":[{"href":"https:\/\/ujkafe.website\/index.php?rest_route=\/wp\/v2\/posts"}],"about":[{"href":"https:\/\/ujkafe.website\/index.php?rest_route=\/wp\/v2\/types\/post"}],"author":[{"embeddable":true,"href":"https:\/\/ujkafe.website\/index.php?rest_route=\/wp\/v2\/users\/3"}],"replies":[{"embeddable":true,"href":"https:\/\/ujkafe.website\/index.php?rest_route=%2Fwp%2Fv2%2Fcomments&post=25893"}],"version-history":[{"count":0,"href":"https:\/\/ujkafe.website\/index.php?rest_route=\/wp\/v2\/posts\/25893\/revisions"}],"wp:attachment":[{"href":"https:\/\/ujkafe.website\/index.php?rest_route=%2Fwp%2Fv2%2Fmedia&parent=25893"}],"wp:term":[{"taxonomy":"category","embeddable":true,"href":"https:\/\/ujkafe.website\/index.php?rest_route=%2Fwp%2Fv2%2Fcategories&post=25893"},{"taxonomy":"post_tag","embeddable":true,"href":"https:\/\/ujkafe.website\/index.php?rest_route=%2Fwp%2Fv2%2Ftags&post=25893"}],"curies":[{"name":"wp","href":"https:\/\/api.w.org\/{rel}","templated":true}]}}