
{"id":26233,"date":"2013-10-16T05:55:36","date_gmt":"2013-10-16T05:55:36","guid":{"rendered":"https:\/\/ujkafe.website\/?p=26233"},"modified":"2013-10-16T05:55:36","modified_gmt":"2013-10-16T05:55:36","slug":"figyelj","status":"publish","type":"post","link":"https:\/\/ujkafe.website\/?p=26233","title":{"rendered":"Figyelj!"},"content":{"rendered":"<div id=\"attachment_26236\" style=\"width: 639px\" class=\"wp-caption alignnone\"><img loading=\"lazy\" decoding=\"async\" aria-describedby=\"caption-attachment-26236\" class=\"size-full wp-image-26236\" alt=\"vbela18_fototanu\" src=\"https:\/\/ujkafe.website\/wp-content\/uploads\/2013\/10\/vbela18_fototanu.jpg\" width=\"629\" height=\"417\" srcset=\"https:\/\/ujkafe.website\/wp-content\/uploads\/2013\/10\/vbela18_fototanu.jpg 629w, https:\/\/ujkafe.website\/wp-content\/uploads\/2013\/10\/vbela18_fototanu-300x198.jpg 300w\" sizes=\"auto, (max-width: 629px) 100vw, 629px\" \/><p id=\"caption-attachment-26236\" class=\"wp-caption-text\">Fot\u00f3 Varga B\u00e9la<\/p><\/div>\n<p>Vannak ilyen napok is \u00e9let\u00fcnkben. Amikor annyira leereszkedik r\u00e1nk az \u00e9g, hogy val\u00f3s\u00e1ggal a gyomr\u00e1ban sz\u00e1guldunk, rajta furik\u00e1zunk, bel\u00e9je hatolunk 100 km\/\u00f3ra mer\u00e9szs\u00e9ggel, amikor az es\u0151cseppek teles\u00edrj\u00e1k a sz\u00e9lv\u00e9d\u0151t,<!--more--> kopognak \u00e9s kopognak a b\u00e1dogon, freccsennek az alv\u00e1zon, sz\u00e9tporladnak a leveg\u0151ben, \u00fajra felh\u0151v\u00e9 v\u00e1lnak, felfel\u00e9 igyekeznek, ahonnan j\u00f6ttek, jelenteni, hogy teljesitett\u00e9k a feladatot, de a misszi\u00f3 vil\u00e1gos: nincs meg\u00e1ll\u00e1s, \u00fajra ir\u00e1ny a f\u00f6ld, neh\u00e9zked\u00e9ssel leereszkedni a magasb\u00f3l, permetezni, kopogni, peregni, toccsanni, freccsenni, k\u00f6rbej\u00e1rni, mindig jelenteni, mindig visszat\u00e9rni, amig a felh\u0151 m\u00f6g\u00fcl, ugyancsak rendszeres misszi\u00f3val, vissza nem t\u00e9r a nap, a menek\u00fcl\u00e9sek \u00e9s visszat\u00e9r\u00e9sek egyed\u00fcli gy\u0151ztes bajnoka.<\/p>\n<p>A bar\u00f3ti <strong>Varga B\u00e9la<\/strong> \u00e9vtizedekkel ezel\u0151tti fot\u00f3ja most a fenti hangulatokat csalta el\u0151 bel\u0151lem. Tipikus hangulatfot\u00f3, hozz\u00e1ill\u0151 hangulat-kritik\u00e1val&#8230;<\/p>\n<p style=\"text-align: right;\"><em><strong>Cseke G\u00e1bor<\/strong><\/em><\/p>\n<p>Forr\u00e1s: <a href=\"http:\/\/fototanu.blogspot.ro\/2009\/08\/figyelj.html\"><em>Fot\u00f3tan\u00fa<\/em><\/a><\/p>\n","protected":false},"excerpt":{"rendered":"<p>Vannak ilyen napok is \u00e9let\u00fcnkben. Amikor annyira leereszkedik r\u00e1nk az \u00e9g, hogy val\u00f3s\u00e1ggal a gyomr\u00e1ban sz\u00e1guldunk, rajta furik\u00e1zunk, bel\u00e9je hatolunk 100 km\/\u00f3ra mer\u00e9szs\u00e9ggel, amikor az es\u0151cseppek teles\u00edrj\u00e1k a sz\u00e9lv\u00e9d\u0151t,<\/p>\n","protected":false},"author":3,"featured_media":0,"comment_status":"open","ping_status":"open","sticky":false,"template":"","format":"standard","meta":{"_monsterinsights_skip_tracking":false,"_monsterinsights_sitenote_active":false,"_monsterinsights_sitenote_note":"","_monsterinsights_sitenote_category":0,"ngg_post_thumbnail":0,"footnotes":""},"categories":[5],"tags":[],"class_list":["post-26233","post","type-post","status-publish","format-standard","hentry","category-foto"],"_links":{"self":[{"href":"https:\/\/ujkafe.website\/index.php?rest_route=\/wp\/v2\/posts\/26233","targetHints":{"allow":["GET"]}}],"collection":[{"href":"https:\/\/ujkafe.website\/index.php?rest_route=\/wp\/v2\/posts"}],"about":[{"href":"https:\/\/ujkafe.website\/index.php?rest_route=\/wp\/v2\/types\/post"}],"author":[{"embeddable":true,"href":"https:\/\/ujkafe.website\/index.php?rest_route=\/wp\/v2\/users\/3"}],"replies":[{"embeddable":true,"href":"https:\/\/ujkafe.website\/index.php?rest_route=%2Fwp%2Fv2%2Fcomments&post=26233"}],"version-history":[{"count":0,"href":"https:\/\/ujkafe.website\/index.php?rest_route=\/wp\/v2\/posts\/26233\/revisions"}],"wp:attachment":[{"href":"https:\/\/ujkafe.website\/index.php?rest_route=%2Fwp%2Fv2%2Fmedia&parent=26233"}],"wp:term":[{"taxonomy":"category","embeddable":true,"href":"https:\/\/ujkafe.website\/index.php?rest_route=%2Fwp%2Fv2%2Fcategories&post=26233"},{"taxonomy":"post_tag","embeddable":true,"href":"https:\/\/ujkafe.website\/index.php?rest_route=%2Fwp%2Fv2%2Ftags&post=26233"}],"curies":[{"name":"wp","href":"https:\/\/api.w.org\/{rel}","templated":true}]}}