
{"id":26384,"date":"2013-10-30T05:54:11","date_gmt":"2013-10-30T05:54:11","guid":{"rendered":"https:\/\/ujkafe.website\/?p=26384"},"modified":"2013-10-30T05:54:11","modified_gmt":"2013-10-30T05:54:11","slug":"leszallas-elott","status":"publish","type":"post","link":"https:\/\/ujkafe.website\/?p=26384","title":{"rendered":"Lesz\u00e1ll\u00e1s el\u0151tt"},"content":{"rendered":"<div id=\"attachment_26387\" style=\"width: 624px\" class=\"wp-caption alignnone\"><a href=\"https:\/\/ujkafe.website\/wp-content\/uploads\/2013\/10\/barta15.jpg\"><img loading=\"lazy\" decoding=\"async\" aria-describedby=\"caption-attachment-26387\" class=\" wp-image-26387\" alt=\"A sitt el?tt - Vargyas\" src=\"https:\/\/ujkafe.website\/wp-content\/uploads\/2013\/10\/barta15.jpg\" width=\"614\" height=\"608\" srcset=\"https:\/\/ujkafe.website\/wp-content\/uploads\/2013\/10\/barta15.jpg 1024w, https:\/\/ujkafe.website\/wp-content\/uploads\/2013\/10\/barta15-150x150.jpg 150w, https:\/\/ujkafe.website\/wp-content\/uploads\/2013\/10\/barta15-300x297.jpg 300w\" sizes=\"auto, (max-width: 614px) 100vw, 614px\" \/><\/a><p id=\"caption-attachment-26387\" class=\"wp-caption-text\">Fot\u00f3 Bartha \u00c1rp\u00e1d<\/p><\/div>\n<p>A hatvanas \u00e9vek erd\u00e9lyi sajt\u00f3fot\u00f3ja k\u00f6sz\u00f6nt vissza err\u0151l a grafikus megold\u00e1st haszn\u00e1l\u00f3, manipul\u00e1lt fot\u00f3n.<strong> Bartha \u00c1rp\u00e1d<\/strong>, aki Sepsiszentgy\u00f6rgy\u00f6n maga is sajt\u00f3fot\u00f3s volt, m\u00e9g a hatvanas \u00e9vek v\u00e9g\u00e9n r\u00e1j\u00f6tt, hogy az akkori rudiment\u00e1ris nyomdai viszonyok nem teszik lehet\u0151v\u00e9 a fot\u00f3k term\u00e9szetes reprodukci\u00f3j\u00e1t, <!--more-->hogy a pontfelbont\u00e1sos technika cs\u0151d\u00f6t mond a durva pap\u00edron \u00e9s a minden kritik\u00e1n aluli, sokszor a mindenf\u00e9le kotyvaszt\u00e1ssal teljesen elsil\u00e1ny\u00edtott nyomdafest\u00e9k miatt. \u00c1rnyalatos, sz\u00e9p rajzolat\u00fa k\u00e9pet csakis \u00fagy lehetett &#8222;megmenteni&#8221;, hogy maga a szerz\u0151 mondott le \u00f6nk\u00e9nt a r\u00e9szletekr\u0151l \u00e9s v\u00e1llalta, hogy klasszikus laborat\u00f3riumi tr\u00fckk\u00f6kkel a pontszer\u0171s\u00e9g helyett &#8222;vonalass\u00e1&#8221; tegye a k\u00e9pet.<\/p>\n<p>Igy sz\u00fclettek akkoriban a fekete-feh\u00e9r sajt\u00f3fot\u00f3k, amelyek h\u00e1t\u00e1ra nyomd\u00e1ba k\u00fcld\u00e9s el\u0151tt r\u00e1 kellett irni, hogy a szerkeszt\u0151s\u00e9g f\u00e9ny-\u00e1rny\u00e9k tecchnik\u00e1t \u00f3hajt, mert k\u00fcl\u00f6nben sz\u00f3 n\u00e9lk\u00fcl elrontott\u00e1k a v\u00e9geredm\u00e9nyt &#8211; pontfelbont\u00e1ssal!<\/p>\n<p>Bartha \u00c1rp\u00e1d termel\u00e9si k\u00e9pe, amely k\u00f6peci b\u00e1ny\u00e1szokat \u00e1br\u00e1zol a b\u00e1ny\u00e1ba val\u00f3 lesz\u00e1ll\u00e1s el\u0151tt, k\u00e9tszeresen szerencs\u00e9s a vonalas technika alkalmaz\u00e1sa r\u00e9v\u00e9n: egyr\u00e9szt er\u0151s folthat\u00e1sa j\u00f3l \u00e9rv\u00e9nyes\u00fclt az Ifj\u00famunk\u00e1s m\u00e1r akkor s\u00e1rg\u00e1ssz\u00fcrke oldalain, de tartalmilag is kifejezte azt a v\u00e9gletes vil\u00e1got, amely a m\u0171szakba men\u0151kre, illetve az onnan felfele igyekv\u0151kre v\u00e1r a b\u00e1ny\u00e1ban. Minden csupa f\u00e9ny \u00e9s csupa s\u00f6t\u00e9ts\u00e9g, csupa j\u00f3 \u00e9s csupa rossz. Ez volt a huszadik sz\u00e1zad m\u00e1sodik fel\u00e9nek Rom\u00e1ni\u00e1j\u00e1ban a b\u00e1ny\u00e1sz sorsa (nem v\u00e9letlen, hogy falur\u00f3l sokan szeg\u0151dtek b\u00e1ny\u00e1sznak), mert \u00fagymond h\u00f3 v\u00e9g\u00e9n a fizet\u00e9ssel ugyancsak &#8222;megbecs\u00fclt\u00e9k&#8221; a f\u00f6ldet a m\u00e9lyben t\u00far\u00f3 embert, ugyanakkor kiszolg\u00e1ltatt\u00e1k a legnagyobb kock\u00e1zatnak, ami csak embert \u00e9rhet &#8211; a v\u00e1ratlan balesetnek, a hal\u00e1lnak.<\/p>\n<p style=\"text-align: right;\"><em><strong>Cseke G\u00e1bor<\/strong><\/em><\/p>\n<p>Forr\u00e1s: <a href=\"http:\/\/fototanu.blogspot.ro\/2009\/08\/leszallas-elott.html\"><em>Fot\u00f3tan\u00fa<\/em><\/a><\/p>\n","protected":false},"excerpt":{"rendered":"<p>A hatvanas \u00e9vek erd\u00e9lyi sajt\u00f3fot\u00f3ja k\u00f6sz\u00f6nt vissza err\u0151l a grafikus megold\u00e1st haszn\u00e1l\u00f3, manipul\u00e1lt fot\u00f3n. Bartha \u00c1rp\u00e1d, aki Sepsiszentgy\u00f6rgy\u00f6n maga is sajt\u00f3fot\u00f3s volt, m\u00e9g a hatvanas \u00e9vek v\u00e9g\u00e9n r\u00e1j\u00f6tt, hogy az akkori rudiment\u00e1ris nyomdai viszonyok nem teszik lehet\u0151v\u00e9 a fot\u00f3k term\u00e9szetes reprodukci\u00f3j\u00e1t,<\/p>\n","protected":false},"author":3,"featured_media":0,"comment_status":"open","ping_status":"open","sticky":false,"template":"","format":"standard","meta":{"_monsterinsights_skip_tracking":false,"_monsterinsights_sitenote_active":false,"_monsterinsights_sitenote_note":"","_monsterinsights_sitenote_category":0,"ngg_post_thumbnail":0,"footnotes":""},"categories":[5],"tags":[],"class_list":["post-26384","post","type-post","status-publish","format-standard","hentry","category-foto"],"_links":{"self":[{"href":"https:\/\/ujkafe.website\/index.php?rest_route=\/wp\/v2\/posts\/26384","targetHints":{"allow":["GET"]}}],"collection":[{"href":"https:\/\/ujkafe.website\/index.php?rest_route=\/wp\/v2\/posts"}],"about":[{"href":"https:\/\/ujkafe.website\/index.php?rest_route=\/wp\/v2\/types\/post"}],"author":[{"embeddable":true,"href":"https:\/\/ujkafe.website\/index.php?rest_route=\/wp\/v2\/users\/3"}],"replies":[{"embeddable":true,"href":"https:\/\/ujkafe.website\/index.php?rest_route=%2Fwp%2Fv2%2Fcomments&post=26384"}],"version-history":[{"count":0,"href":"https:\/\/ujkafe.website\/index.php?rest_route=\/wp\/v2\/posts\/26384\/revisions"}],"wp:attachment":[{"href":"https:\/\/ujkafe.website\/index.php?rest_route=%2Fwp%2Fv2%2Fmedia&parent=26384"}],"wp:term":[{"taxonomy":"category","embeddable":true,"href":"https:\/\/ujkafe.website\/index.php?rest_route=%2Fwp%2Fv2%2Fcategories&post=26384"},{"taxonomy":"post_tag","embeddable":true,"href":"https:\/\/ujkafe.website\/index.php?rest_route=%2Fwp%2Fv2%2Ftags&post=26384"}],"curies":[{"name":"wp","href":"https:\/\/api.w.org\/{rel}","templated":true}]}}