
{"id":26496,"date":"2013-11-03T10:14:47","date_gmt":"2013-11-03T10:14:47","guid":{"rendered":"https:\/\/ujkafe.website\/?p=26496"},"modified":"2013-11-03T10:14:47","modified_gmt":"2013-11-03T10:14:47","slug":"perui-testverek","status":"publish","type":"post","link":"https:\/\/ujkafe.website\/?p=26496","title":{"rendered":"Perui testv\u00e9rek"},"content":{"rendered":"<div id=\"attachment_26500\" style=\"width: 576px\" class=\"wp-caption alignnone\"><a href=\"https:\/\/ujkafe.website\/wp-content\/uploads\/2013\/11\/irving_penn.jpg\"><img loading=\"lazy\" decoding=\"async\" aria-describedby=\"caption-attachment-26500\" class=\" wp-image-26500\" alt=\"irving_penn\" src=\"https:\/\/ujkafe.website\/wp-content\/uploads\/2013\/11\/irving_penn.jpg\" width=\"566\" height=\"546\" srcset=\"https:\/\/ujkafe.website\/wp-content\/uploads\/2013\/11\/irving_penn.jpg 629w, https:\/\/ujkafe.website\/wp-content\/uploads\/2013\/11\/irving_penn-300x289.jpg 300w\" sizes=\"auto, (max-width: 566px) 100vw, 566px\" \/><\/a><p id=\"caption-attachment-26500\" class=\"wp-caption-text\">Fot\u00f3 Irving Penn<\/p><\/div>\n<p>2009 augusztus\u00e1ban a toront\u00f3i Ontario sz\u00e9pm\u0171v\u00e9szeti gal\u00e9ri\u00e1ban j\u00e1rtam (a nagy r\u00f6vidit\u00e9si divatban most \u00faton-\u00fatf\u00e9len \u00fagy hirdetik: AGO), a k\u00f6z\u00f6ns\u00e9g sz\u00e1m\u00e1ra ingyenszerda volt \u00e9ppen d\u00e9lut\u00e1n 6-t\u00f3l este f\u00e9l 9-ig, hatalmas sorban v\u00e1rakoztak az emberek a bebocs\u00e1t\u00e1sra&#8230;<!--more--> Nincs veszve a kult\u00fara, mert az csak az egyik szimpt\u00f3ma, hogy dr\u00e1g\u00e1n nem f\u0171lik az ember foga hozz\u00e1, de olcs\u00f3n, a szabad \u00e9lvezet kedv\u00e9\u00e9rt m\u00e9g sokaknak kell&#8230;<\/p>\n<p>Besodr\u00f3dtam h\u00e1t a t\u00f6meggel, 1994-ben j\u00e1rtam itt utolj\u00e1ra, ahhoz k\u00e9pest nagy \u00e9pit\u00e9szeti \u00e1talakit\u00e1sok t\u00f6rt\u00e9ntek, de m\u00e9g ink\u00e1bb anyagb\u0151vit\u00e9s \u00e9s -\u00e1trendez\u00e9s, az \u0151t megillet\u0151 helyre ker\u00fclt a fot\u00f3, amib\u0151l most m\u00e1r a gal\u00e9ria mintegy 40 ezer darabot mondhat mag\u00e1\u00e9nak.<\/p>\n<p>P\u00e9ld\u00e1s az a figyelem, amivel a m\u00fazeum munkat\u00e1rsai a dokument\u00e1ris, az esem\u00e9nyfot\u00f3 fel\u00e9 fordulnak, s el\u00e9gg\u00e9 meg nem becs\u00fclhet\u0151 r\u00e9szek\u00e9nt a helyi \u00e9s a vil\u00e1gt\u00f6rt\u00e9nelemnek.<\/p>\n<p>A fot\u00f3r\u00e9szleg egyik fal\u00e1r\u00f3l <a href=\"http:\/\/www.masters-of-photography.com\/P\/penn\/penn.html\"><strong>Irving Penn<\/strong><\/a> amerikai fot\u00f3m\u0171v\u00e9sz (sz. 1917) d\u00f6bbenetes alkot\u00e1sa tekintett velem farkasszemet, amely k\u00e9t perui gyermeket &#8211; testv\u00e9reket &#8211; \u00e1br\u00e1zol, valahonnan a legals\u00f3bb n\u00e9pr\u00e9tegb\u0151l, akik a maguk szem\u00e9lyis\u00e9g\u00e9nek \u00f6nk\u00e9ntelen tudat\u00e1ban, ha mezitl\u00e1b is, de a legnagyobb m\u00e9lt\u00f3s\u00e1ggal n\u00e9znek a fotogr\u00e1fus szem\u00e9be, aki vil\u00e1g\u00e9let\u00e9ben a divatfot\u00f3z\u00e1sb\u00f3l \u00e9lt, sok\u00e1ig a Vogue fot\u00f3sa, \u00e9let\u00e9ben rengeteget utazott, \u00fati k\u00e9pei is maradand\u00f3ak. Egy szakdolgozat szerint az els\u0151k k\u00f6z\u00f6tt volt, aki feh\u00e9r vagy sz\u00fcrke drap\u00e9ri\u00e1t haszn\u00e1lt h\u00e1tt\u00e9rnek, \u00e9s \u00edgy a k\u00e9p egyszer\u0171s\u00e9g\u00e9ben m\u00e9g jobban kiemelte a t\u00e9m\u00e1t. B\u00e1r nagyon j\u00f3l \u00e9rtett a l\u00e1mp\u00e1khoz, m\u00e9gis legt\u00f6bbsz\u00f6r az ablakon bej\u00f6v\u0151 napf\u00e9nyt haszn\u00e1lta k\u00e9pein\u00e9l.<\/p>\n<p>Perui kett\u0151s portr\u00e9j\u00e1val az \u00e9rdekl\u0151d\u0151, a meg\u00e9lhet\u00e9sen j\u00f3val t\u00fall\u00e1t\u00f3 m\u0171v\u00e9sz benyom\u00e1s\u00e1t tette r\u00e1m, meg azzal, hogy ugyanolyan elm\u00e9ly\u00fclts\u00e9ggel kompon\u00e1lta meg e kordokumentum\u00e1t, mintha Truman Capote vagy Marlene Dietrich, net\u00e1n Igor Sztravinszkij \u00fclne a st\u00fadi\u00f3j\u00e1ban (rengeteg jeles kort\u00e1rs\u00e1r\u00f3l k\u00e9szitett maradand\u00f3 portr\u00e9t!).<\/p>\n<p style=\"text-align: right;\"><em><strong>Cseke G\u00e1bor<\/strong><\/em><\/p>\n<p><a href=\"http:\/\/fototanu.blogspot.ro\/\"><em>Forr\u00e1s: Fot\u00f3tan\u00fa<\/em><\/p>\n<p><\/a><\/p>\n","protected":false},"excerpt":{"rendered":"<p>2009 augusztus\u00e1ban a toront\u00f3i Ontario sz\u00e9pm\u0171v\u00e9szeti gal\u00e9ri\u00e1ban j\u00e1rtam (a nagy r\u00f6vidit\u00e9si divatban most \u00faton-\u00fatf\u00e9len \u00fagy hirdetik: AGO), a k\u00f6z\u00f6ns\u00e9g sz\u00e1m\u00e1ra ingyenszerda volt \u00e9ppen d\u00e9lut\u00e1n 6-t\u00f3l este f\u00e9l 9-ig, hatalmas sorban v\u00e1rakoztak az emberek a bebocs\u00e1t\u00e1sra&#8230;<\/p>\n","protected":false},"author":3,"featured_media":0,"comment_status":"open","ping_status":"open","sticky":false,"template":"","format":"standard","meta":{"_monsterinsights_skip_tracking":false,"_monsterinsights_sitenote_active":false,"_monsterinsights_sitenote_note":"","_monsterinsights_sitenote_category":0,"ngg_post_thumbnail":0,"footnotes":""},"categories":[5],"tags":[],"class_list":["post-26496","post","type-post","status-publish","format-standard","hentry","category-foto"],"_links":{"self":[{"href":"https:\/\/ujkafe.website\/index.php?rest_route=\/wp\/v2\/posts\/26496","targetHints":{"allow":["GET"]}}],"collection":[{"href":"https:\/\/ujkafe.website\/index.php?rest_route=\/wp\/v2\/posts"}],"about":[{"href":"https:\/\/ujkafe.website\/index.php?rest_route=\/wp\/v2\/types\/post"}],"author":[{"embeddable":true,"href":"https:\/\/ujkafe.website\/index.php?rest_route=\/wp\/v2\/users\/3"}],"replies":[{"embeddable":true,"href":"https:\/\/ujkafe.website\/index.php?rest_route=%2Fwp%2Fv2%2Fcomments&post=26496"}],"version-history":[{"count":0,"href":"https:\/\/ujkafe.website\/index.php?rest_route=\/wp\/v2\/posts\/26496\/revisions"}],"wp:attachment":[{"href":"https:\/\/ujkafe.website\/index.php?rest_route=%2Fwp%2Fv2%2Fmedia&parent=26496"}],"wp:term":[{"taxonomy":"category","embeddable":true,"href":"https:\/\/ujkafe.website\/index.php?rest_route=%2Fwp%2Fv2%2Fcategories&post=26496"},{"taxonomy":"post_tag","embeddable":true,"href":"https:\/\/ujkafe.website\/index.php?rest_route=%2Fwp%2Fv2%2Ftags&post=26496"}],"curies":[{"name":"wp","href":"https:\/\/api.w.org\/{rel}","templated":true}]}}