
{"id":26520,"date":"2013-11-04T07:37:04","date_gmt":"2013-11-04T07:37:04","guid":{"rendered":"https:\/\/ujkafe.website\/?p=26520"},"modified":"2013-11-04T07:37:04","modified_gmt":"2013-11-04T07:37:04","slug":"elekes-ferenc-a-maganyos-alma","status":"publish","type":"post","link":"https:\/\/ujkafe.website\/?p=26520","title":{"rendered":"Elekes Ferenc: A mag\u00e1nyos alma"},"content":{"rendered":"<div id=\"attachment_26523\" style=\"width: 627px\" class=\"wp-caption alignnone\"><a href=\"https:\/\/ujkafe.website\/wp-content\/uploads\/2013\/11\/almafa.jpg\"><img loading=\"lazy\" decoding=\"async\" aria-describedby=\"caption-attachment-26523\" class=\" wp-image-26523\" alt=\"almafa\" src=\"https:\/\/ujkafe.website\/wp-content\/uploads\/2013\/11\/almafa.jpg\" width=\"617\" height=\"463\" srcset=\"https:\/\/ujkafe.website\/wp-content\/uploads\/2013\/11\/almafa.jpg 1028w, https:\/\/ujkafe.website\/wp-content\/uploads\/2013\/11\/almafa-300x225.jpg 300w, https:\/\/ujkafe.website\/wp-content\/uploads\/2013\/11\/almafa-1024x768.jpg 1024w\" sizes=\"auto, (max-width: 617px) 100vw, 617px\" \/><\/a><p id=\"caption-attachment-26523\" class=\"wp-caption-text\">Fot\u00f3 Elekes K\u00e1roly<\/p><\/div>\n<p>Udvarunkr\u00f3l \u00e1t lehet l\u00e1tni a Magyari\u00e9k kertj\u00e9be. Van ott egy \u00f6reg almafa. Ezen az \u00f6reg almaf\u00e1n ott cs\u00fcng egy mag\u00e1nyos alma. Valami\u00e9rt nem tud, vagy nem akar lehullni. Pedig m\u00e1r ott az id\u0151, j\u00f6n a t\u00e9l.<!--more--><\/p>\n<p>Testv\u00e9rem, K\u00e1roly vette \u00e9szre, s f\u00e9nyk\u00e9pezte le halottak napj\u00e1n. Any\u00e1nk is csod\u00e1lkozott, mi \u00e9lteti m\u00e9g azt a mag\u00e1nyos alm\u00e1t.<\/p>\n<p>Az id\u0151sebb Magyari, ha \u00e9lne, \u0151 is csod\u00e1lkozna ezen a makacs, mag\u00e1nyos alm\u00e1n. Azon, hogy csakugyan, mi \u00e9lteti m\u00e9g? Mert valami m\u00e9gis \u00e9lteti\u2026<\/p>\n<p><a href=\"http:\/\/elekesfrici.blogspot.ro\/\"><em>Forr\u00e1s: Feriforma<\/em><\/p>\n<p><\/a><\/p>\n","protected":false},"excerpt":{"rendered":"<p>Udvarunkr\u00f3l \u00e1t lehet l\u00e1tni a Magyari\u00e9k kertj\u00e9be. Van ott egy \u00f6reg almafa. Ezen az \u00f6reg almaf\u00e1n ott cs\u00fcng egy mag\u00e1nyos alma. Valami\u00e9rt nem tud, vagy nem akar lehullni. Pedig m\u00e1r ott az id\u0151, j\u00f6n a t\u00e9l.<\/p>\n","protected":false},"author":3,"featured_media":0,"comment_status":"open","ping_status":"open","sticky":false,"template":"","format":"standard","meta":{"_monsterinsights_skip_tracking":false,"_monsterinsights_sitenote_active":false,"_monsterinsights_sitenote_note":"","_monsterinsights_sitenote_category":0,"ngg_post_thumbnail":0,"footnotes":""},"categories":[5],"tags":[],"class_list":["post-26520","post","type-post","status-publish","format-standard","hentry","category-foto"],"_links":{"self":[{"href":"https:\/\/ujkafe.website\/index.php?rest_route=\/wp\/v2\/posts\/26520","targetHints":{"allow":["GET"]}}],"collection":[{"href":"https:\/\/ujkafe.website\/index.php?rest_route=\/wp\/v2\/posts"}],"about":[{"href":"https:\/\/ujkafe.website\/index.php?rest_route=\/wp\/v2\/types\/post"}],"author":[{"embeddable":true,"href":"https:\/\/ujkafe.website\/index.php?rest_route=\/wp\/v2\/users\/3"}],"replies":[{"embeddable":true,"href":"https:\/\/ujkafe.website\/index.php?rest_route=%2Fwp%2Fv2%2Fcomments&post=26520"}],"version-history":[{"count":0,"href":"https:\/\/ujkafe.website\/index.php?rest_route=\/wp\/v2\/posts\/26520\/revisions"}],"wp:attachment":[{"href":"https:\/\/ujkafe.website\/index.php?rest_route=%2Fwp%2Fv2%2Fmedia&parent=26520"}],"wp:term":[{"taxonomy":"category","embeddable":true,"href":"https:\/\/ujkafe.website\/index.php?rest_route=%2Fwp%2Fv2%2Fcategories&post=26520"},{"taxonomy":"post_tag","embeddable":true,"href":"https:\/\/ujkafe.website\/index.php?rest_route=%2Fwp%2Fv2%2Ftags&post=26520"}],"curies":[{"name":"wp","href":"https:\/\/api.w.org\/{rel}","templated":true}]}}