
{"id":26684,"date":"2013-11-09T19:03:01","date_gmt":"2013-11-09T19:03:01","guid":{"rendered":"https:\/\/ujkafe.website\/?p=26684"},"modified":"2013-11-09T19:03:01","modified_gmt":"2013-11-09T19:03:01","slug":"kerekparon","status":"publish","type":"post","link":"https:\/\/ujkafe.website\/?p=26684","title":{"rendered":"Ker\u00e9kp\u00e1ron"},"content":{"rendered":"<div id=\"attachment_26688\" style=\"width: 493px\" class=\"wp-caption alignnone\"><a href=\"https:\/\/ujkafe.website\/wp-content\/uploads\/2013\/11\/dorothy.jpg\"><img loading=\"lazy\" decoding=\"async\" aria-describedby=\"caption-attachment-26688\" class=\" wp-image-26688\" alt=\"dorothy\" src=\"https:\/\/ujkafe.website\/wp-content\/uploads\/2013\/11\/dorothy.jpg\" width=\"483\" height=\"642\" srcset=\"https:\/\/ujkafe.website\/wp-content\/uploads\/2013\/11\/dorothy.jpg 604w, https:\/\/ujkafe.website\/wp-content\/uploads\/2013\/11\/dorothy-225x300.jpg 225w\" sizes=\"auto, (max-width: 483px) 100vw, 483px\" \/><\/a><p id=\"caption-attachment-26688\" class=\"wp-caption-text\">Fot\u00f3 Dorothy Hosmer<\/p><\/div>\n<p>1938 november\u00e9ben a <em>The National Geographic Magazine<\/em> akkori leg\u00fajabb sz\u00e1m\u00e1ban bizonyos <strong>Dorothy Hosmer<\/strong> gazdag fot\u00f3anyaggal t\u00fczdelt \u00fatirajzban sz\u00e1mol be arr\u00f3l, hogy milyen kalandos utat tett meg azokban az \u00e9vekben Rom\u00e1ni\u00e1ban, m\u00e9ghozz\u00e1 ker\u00e9kp\u00e1ron (An American Girl Cycles across Romania). \u00cdr\u00e1sa a nagy tekint\u00e9ly\u0171, n\u00e9pszer\u0171 tudom\u00e1nyos foly\u00f3irat f\u0151 hely\u00e9n jelent meg \u00e9s ma m\u00e1r ritkas\u00e1gsz\u00e1mba men\u0151 arch\u00edv anyag.<!--more--><\/p>\n<p>Az igen fiatal, csinos kalandorn\u0151 Cern\u0103u\u0163i-n\u00e1l l\u00e9pett be az orsz\u00e1gba, s mindj\u00e1rt leny\u0171g\u00f6zi a moldvai templomok \u00e9s kolostorok vil\u00e1ga, de megfordul Bukarestben is. K\u00e9s\u0151bb meg k\u00fcl\u00f6n\u00f6sen a sz\u00e1sz-rom\u00e1n-magyar egy\u00fctt\u00e9l\u00e9st jelent\u0151 erd\u00e9lyi t\u00e1jakon (Nagyszeben, Nagydiszn\u00f3d, Gernyeszeg, Beszterce, Gyulafeh\u00e9rv\u00e1r, Kolozsv\u00e1r stb.) id\u0151z el s k\u00e9sz\u00edt igen j\u00f3 min\u0151s\u00e9g\u0171 \u00fati felv\u00e9teleket, amelyeken mindenek el\u0151tt az ember szerepel a k\u00f6z\u00e9ppontban. \u00c9rdekl\u0151d\u00e9ssel fordul a karakteresen pittoreszk cig\u00e1nyt\u00e1rsadalom fel\u00e9 is.<\/p>\n<p>Sz\u00f6vege kev\u00e9sb\u00e9 a friss \u00e9lm\u00e9nyekre, mint a Rom\u00e1ni\u00e1t lak\u00f3 n\u00e9pess\u00e9gek egy\u00fctt\u00e9l\u00e9s\u00e9re vonatkoz\u00f3 t\u00f6rt\u00e9nelmi \u00e9s demogr\u00e1fiai inform\u00e1ci\u00f3kra \u00f6sszpontosit, az \u00e9let meg\u00f6r\u00f6kit\u00e9sre v\u00e1r\u00f3 pillanatait els\u0151sorban a f\u00e9nyk\u00e9pez\u0151g\u00e9p objektivj\u00e9re bizza. \u00datj\u00e1nak ez a hozad\u00e9ka <a href=\"https:\/\/picasaweb.google.com\/vilmosfia\/BiciklisAmerikaiLanyRomaniaban1938?authkey=Gv1sRgCI-H1NmVpN7w4wE#\"><em><strong>val\u00f3di fot\u00f3tan\u00fakat \u0151rz\u00f6tt meg sz\u00e1munkra<\/strong><\/em><\/a>, k\u00f6zt\u00fck tal\u00e1lkoz\u00e1s\u00e1t egy korban hozz\u00e1 k\u00f6zel \u00e1ll\u00f3 rom\u00e1n nemzeti viseletbe \u00f6lt\u00f6z\u00f6tt sz\u00e9ps\u00e9ggel a Szeben melletti Resin\u00e1r (R\u0103\u015finar, n\u00e9met\u00fcl Rechinar &#8211; a 16-18. sz\u00e1zadban Nagyszeben rom\u00e1n jobb\u00e1gyfaluja) k\u00f6zs\u00e9gben. H\u00e1ttal, a biciklit tartva maga Dorothy \u00e1ll&#8230;<\/p>\n<p style=\"text-align: right;\"><em><strong>Cseke G\u00e1bor<\/strong><\/em><\/p>\n<p><a href=\"http:\/\/fototanu.blogspot.ro\/\"><em>Forr\u00e1s: Fot\u00f3tan\u00fa<\/em><\/p>\n<p><\/a><\/p>\n","protected":false},"excerpt":{"rendered":"<p>1938 november\u00e9ben a The National Geographic Magazine akkori leg\u00fajabb sz\u00e1m\u00e1ban bizonyos Dorothy Hosmer gazdag fot\u00f3anyaggal t\u00fczdelt \u00fatirajzban sz\u00e1mol be arr\u00f3l, hogy milyen kalandos utat tett meg azokban az \u00e9vekben Rom\u00e1ni\u00e1ban, m\u00e9ghozz\u00e1 ker\u00e9kp\u00e1ron (An American Girl Cycles across Romania). \u00cdr\u00e1sa a nagy tekint\u00e9ly\u0171, n\u00e9pszer\u0171 tudom\u00e1nyos foly\u00f3irat f\u0151 hely\u00e9n jelent meg \u00e9s ma m\u00e1r ritkas\u00e1gsz\u00e1mba men\u0151 arch\u00edv [&hellip;]<\/p>\n","protected":false},"author":3,"featured_media":0,"comment_status":"open","ping_status":"open","sticky":false,"template":"","format":"standard","meta":{"_monsterinsights_skip_tracking":false,"_monsterinsights_sitenote_active":false,"_monsterinsights_sitenote_note":"","_monsterinsights_sitenote_category":0,"ngg_post_thumbnail":0,"footnotes":""},"categories":[5],"tags":[],"class_list":["post-26684","post","type-post","status-publish","format-standard","hentry","category-foto"],"_links":{"self":[{"href":"https:\/\/ujkafe.website\/index.php?rest_route=\/wp\/v2\/posts\/26684","targetHints":{"allow":["GET"]}}],"collection":[{"href":"https:\/\/ujkafe.website\/index.php?rest_route=\/wp\/v2\/posts"}],"about":[{"href":"https:\/\/ujkafe.website\/index.php?rest_route=\/wp\/v2\/types\/post"}],"author":[{"embeddable":true,"href":"https:\/\/ujkafe.website\/index.php?rest_route=\/wp\/v2\/users\/3"}],"replies":[{"embeddable":true,"href":"https:\/\/ujkafe.website\/index.php?rest_route=%2Fwp%2Fv2%2Fcomments&post=26684"}],"version-history":[{"count":0,"href":"https:\/\/ujkafe.website\/index.php?rest_route=\/wp\/v2\/posts\/26684\/revisions"}],"wp:attachment":[{"href":"https:\/\/ujkafe.website\/index.php?rest_route=%2Fwp%2Fv2%2Fmedia&parent=26684"}],"wp:term":[{"taxonomy":"category","embeddable":true,"href":"https:\/\/ujkafe.website\/index.php?rest_route=%2Fwp%2Fv2%2Fcategories&post=26684"},{"taxonomy":"post_tag","embeddable":true,"href":"https:\/\/ujkafe.website\/index.php?rest_route=%2Fwp%2Fv2%2Ftags&post=26684"}],"curies":[{"name":"wp","href":"https:\/\/api.w.org\/{rel}","templated":true}]}}