
{"id":27244,"date":"2013-12-01T16:30:38","date_gmt":"2013-12-01T16:30:38","guid":{"rendered":"https:\/\/ujkafe.website\/?p=27244"},"modified":"2013-12-01T16:30:38","modified_gmt":"2013-12-01T16:30:38","slug":"marvanyholgy","status":"publish","type":"post","link":"https:\/\/ujkafe.website\/?p=27244","title":{"rendered":"M\u00e1rv\u00e1nyh\u00f6lgy"},"content":{"rendered":"<p><a href=\"https:\/\/ujkafe.website\/wp-content\/uploads\/2013\/12\/szekely_fototanu_venusz.jpg\"><img loading=\"lazy\" decoding=\"async\" class=\"alignnone  wp-image-27250\" alt=\"szekely_fototanu_venusz\" src=\"https:\/\/ujkafe.website\/wp-content\/uploads\/2013\/12\/szekely_fototanu_venusz.jpg\" width=\"483\" height=\"723\" srcset=\"https:\/\/ujkafe.website\/wp-content\/uploads\/2013\/12\/szekely_fototanu_venusz.jpg 604w, https:\/\/ujkafe.website\/wp-content\/uploads\/2013\/12\/szekely_fototanu_venusz-200x300.jpg 200w\" sizes=\"auto, (max-width: 483px) 100vw, 483px\" \/><\/a><\/p>\n<p>Ez a szobor egy bukaresti \u00e9p\u00fclet el\u0151tt \u00e1ll, a h\u00edres-nevezetes Calea Victoriei-en. A fot\u00f3 sz\u00fclet\u00e9s\u00e9nek id\u0151pontja az ezredfordul\u00f3, eredetileg riportnak indult, de azt\u00e1n zs\u00e1nerk\u00e9p lett bel\u0151le, s ma m\u00e1r tal\u00e1n a konkr\u00e9tum se fontos, amihez az eml\u00e9kezetet kapcsolja.<!--more--><\/p>\n<p>Egyezz\u00fcnk meg abban, hogy &#8211; sz\u00e9p. \u00c9s az\u00e1ltal lett azz\u00e1, hogy a fot\u00f3riporter, Sz\u00e9kely S\u00e1ndor kiemelte a sz\u00e1munkra a k\u00f6znapi l\u00e1tv\u00e1nyb\u00f3l, a bukaresti f\u0151\u00fatvonal zs\u00fafolts\u00e1g\u00e1b\u00f3l.<\/p>\n<p>Ez az a ritka pillanat, amikor a szobrok \u00e9letre kelnek \u00e9s szinte k\u00edv\u00e1natosakk\u00e1 v\u00e1lnak. Nincs az az \u00e9l\u0151 modell, aki e V\u00e9nusz helyett oda\u00e1llhatna, hogy elj\u00e1tssza a sz\u0171ziess\u00e9g\u00e9ben is kit\u00e1rulkoz\u00f3 n\u0151i cs\u00e1ber\u0151t. Ehhez az \u00e9let t\u00fal hars\u00e1ny, a val\u00f3s\u00e1g m\u00fal\u00f3 \u00e9s omlatag, a perc hitv\u00e1ny \u00e9s roml\u00f3.<\/p>\n<p>Csak a k\u0151, csak a m\u00e1rv\u00e1ny kitart\u00e1sa, b\u00fcszke fesz\u00fcl\u00e9se \u00e9s alig \u00e9szrevehet\u0151 porlad\u00e1sa az, ami m\u00e9lt\u00f3s\u00e1got ad az elevens\u00e9g l\u00e1tszat\u00e1nak.<\/p>\n<p>Err\u0151l besz\u00e9l nekem ma ez a k\u00e9p, amiben a takar\u00e9kos \u00e9s a diszkr\u00e9t sz\u00ednkezel\u00e9st k\u00fcl\u00f6n is becs\u00fcl\u00f6m.<\/p>\n<p style=\"text-align: right;\"><em><strong>Cseke G\u00e1bor<\/strong><\/em><\/p>\n<p>Forr\u00e1s: <a href=\"http:\/\/fototanu.blogspot.ro\"><em>Fot\u00f3tan\u00fa<\/em><\/a><\/p>\n","protected":false},"excerpt":{"rendered":"<p>Ez a szobor egy bukaresti \u00e9p\u00fclet el\u0151tt \u00e1ll, a h\u00edres-nevezetes Calea Victoriei-en. A fot\u00f3 sz\u00fclet\u00e9s\u00e9nek id\u0151pontja az ezredfordul\u00f3, eredetileg riportnak indult, de azt\u00e1n zs\u00e1nerk\u00e9p lett bel\u0151le, s ma m\u00e1r tal\u00e1n a konkr\u00e9tum se fontos, amihez az eml\u00e9kezetet kapcsolja.<\/p>\n","protected":false},"author":3,"featured_media":0,"comment_status":"open","ping_status":"open","sticky":false,"template":"","format":"standard","meta":{"_monsterinsights_skip_tracking":false,"_monsterinsights_sitenote_active":false,"_monsterinsights_sitenote_note":"","_monsterinsights_sitenote_category":0,"ngg_post_thumbnail":0,"footnotes":""},"categories":[5],"tags":[],"class_list":["post-27244","post","type-post","status-publish","format-standard","hentry","category-foto"],"_links":{"self":[{"href":"https:\/\/ujkafe.website\/index.php?rest_route=\/wp\/v2\/posts\/27244","targetHints":{"allow":["GET"]}}],"collection":[{"href":"https:\/\/ujkafe.website\/index.php?rest_route=\/wp\/v2\/posts"}],"about":[{"href":"https:\/\/ujkafe.website\/index.php?rest_route=\/wp\/v2\/types\/post"}],"author":[{"embeddable":true,"href":"https:\/\/ujkafe.website\/index.php?rest_route=\/wp\/v2\/users\/3"}],"replies":[{"embeddable":true,"href":"https:\/\/ujkafe.website\/index.php?rest_route=%2Fwp%2Fv2%2Fcomments&post=27244"}],"version-history":[{"count":0,"href":"https:\/\/ujkafe.website\/index.php?rest_route=\/wp\/v2\/posts\/27244\/revisions"}],"wp:attachment":[{"href":"https:\/\/ujkafe.website\/index.php?rest_route=%2Fwp%2Fv2%2Fmedia&parent=27244"}],"wp:term":[{"taxonomy":"category","embeddable":true,"href":"https:\/\/ujkafe.website\/index.php?rest_route=%2Fwp%2Fv2%2Fcategories&post=27244"},{"taxonomy":"post_tag","embeddable":true,"href":"https:\/\/ujkafe.website\/index.php?rest_route=%2Fwp%2Fv2%2Ftags&post=27244"}],"curies":[{"name":"wp","href":"https:\/\/api.w.org\/{rel}","templated":true}]}}