
{"id":27504,"date":"2013-12-09T09:22:03","date_gmt":"2013-12-09T09:22:03","guid":{"rendered":"https:\/\/ujkafe.website\/?p=27504"},"modified":"2013-12-09T09:22:03","modified_gmt":"2013-12-09T09:22:03","slug":"pusztai-peter-elmult-napok-1","status":"publish","type":"post","link":"https:\/\/ujkafe.website\/?p=27504","title":{"rendered":"Pusztai P\u00e9ter: Elm\u00falt napok (1)"},"content":{"rendered":"<p><a href=\"https:\/\/ujkafe.website\/wp-content\/uploads\/2013\/12\/teli_harangszo.jpg\"><img loading=\"lazy\" decoding=\"async\" class=\"alignnone size-full wp-image-27507\" alt=\"teli_harangszo\" src=\"https:\/\/ujkafe.website\/wp-content\/uploads\/2013\/12\/teli_harangszo.jpg\" width=\"500\" height=\"528\" srcset=\"https:\/\/ujkafe.website\/wp-content\/uploads\/2013\/12\/teli_harangszo.jpg 500w, https:\/\/ujkafe.website\/wp-content\/uploads\/2013\/12\/teli_harangszo-284x300.jpg 284w\" sizes=\"auto, (max-width: 500px) 100vw, 500px\" \/><\/a><br \/>\n<strong><em>T\u00e9li harangsz\u00f3 *<\/em> H\u00e1rom \u00e9s f\u00e9l m\u00e9ter h\u00f3 esett le az idei t\u00e9len. A mete\u00f3sok szerint 1947-ben volt csak ennyi h\u00f3. Alig lehet kimozdulni a h\u00e1zb\u00f3l. \u00c9s m\u00e9g van a t\u00e9lb\u0151l&#8230; (2008. febr. 17.)<\/strong><\/p>\n<p>\/Fenti c\u00edmen a r\u00e9gi K\u00e1f\u00e9n valamikor megjelent, &#8222;el\u00faszott&#8221; PP-k\u00e9peket hal\u00e1sszuk el\u0151 \u00fajra eml\u00e9kezet\u00fcnk feneketlen zs\u00e1kj\u00e1b\u00f3l.\/<\/p>\n","protected":false},"excerpt":{"rendered":"<p>T\u00e9li harangsz\u00f3 * H\u00e1rom \u00e9s f\u00e9l m\u00e9ter h\u00f3 esett le az idei t\u00e9len. A mete\u00f3sok szerint 1947-ben volt csak ennyi h\u00f3. Alig lehet kimozdulni a h\u00e1zb\u00f3l. \u00c9s m\u00e9g van a t\u00e9lb\u0151l&#8230; (2008. febr. 17.) \/Fenti c\u00edmen a r\u00e9gi K\u00e1f\u00e9n valamikor megjelent, &#8222;el\u00faszott&#8221; PP-k\u00e9peket hal\u00e1sszuk el\u0151 \u00fajra eml\u00e9kezet\u00fcnk feneketlen zs\u00e1kj\u00e1b\u00f3l.\/<\/p>\n","protected":false},"author":3,"featured_media":0,"comment_status":"open","ping_status":"open","sticky":false,"template":"","format":"standard","meta":{"_monsterinsights_skip_tracking":false,"_monsterinsights_sitenote_active":false,"_monsterinsights_sitenote_note":"","_monsterinsights_sitenote_category":0,"ngg_post_thumbnail":0,"footnotes":""},"categories":[5],"tags":[],"class_list":["post-27504","post","type-post","status-publish","format-standard","hentry","category-foto"],"_links":{"self":[{"href":"https:\/\/ujkafe.website\/index.php?rest_route=\/wp\/v2\/posts\/27504","targetHints":{"allow":["GET"]}}],"collection":[{"href":"https:\/\/ujkafe.website\/index.php?rest_route=\/wp\/v2\/posts"}],"about":[{"href":"https:\/\/ujkafe.website\/index.php?rest_route=\/wp\/v2\/types\/post"}],"author":[{"embeddable":true,"href":"https:\/\/ujkafe.website\/index.php?rest_route=\/wp\/v2\/users\/3"}],"replies":[{"embeddable":true,"href":"https:\/\/ujkafe.website\/index.php?rest_route=%2Fwp%2Fv2%2Fcomments&post=27504"}],"version-history":[{"count":0,"href":"https:\/\/ujkafe.website\/index.php?rest_route=\/wp\/v2\/posts\/27504\/revisions"}],"wp:attachment":[{"href":"https:\/\/ujkafe.website\/index.php?rest_route=%2Fwp%2Fv2%2Fmedia&parent=27504"}],"wp:term":[{"taxonomy":"category","embeddable":true,"href":"https:\/\/ujkafe.website\/index.php?rest_route=%2Fwp%2Fv2%2Fcategories&post=27504"},{"taxonomy":"post_tag","embeddable":true,"href":"https:\/\/ujkafe.website\/index.php?rest_route=%2Fwp%2Fv2%2Ftags&post=27504"}],"curies":[{"name":"wp","href":"https:\/\/api.w.org\/{rel}","templated":true}]}}