
{"id":28023,"date":"2013-12-29T15:34:19","date_gmt":"2013-12-29T15:34:19","guid":{"rendered":"https:\/\/ujkafe.website\/?p=28023"},"modified":"2013-12-29T15:34:19","modified_gmt":"2013-12-29T15:34:19","slug":"utban-a-kukahoz","status":"publish","type":"post","link":"https:\/\/ujkafe.website\/?p=28023","title":{"rendered":"\u00datban a kuk\u00e1hoz"},"content":{"rendered":"<p><a href=\"https:\/\/ujkafe.website\/wp-content\/uploads\/2013\/12\/last-dance-whit-diana_hajdutamas.jpg\"><img loading=\"lazy\" decoding=\"async\" class=\"alignnone size-full wp-image-28027\" alt=\"OLYMPUS DIGITAL CAMERA\" src=\"https:\/\/ujkafe.website\/wp-content\/uploads\/2013\/12\/last-dance-whit-diana_hajdutamas.jpg\" width=\"625\" height=\"450\" srcset=\"https:\/\/ujkafe.website\/wp-content\/uploads\/2013\/12\/last-dance-whit-diana_hajdutamas.jpg 625w, https:\/\/ujkafe.website\/wp-content\/uploads\/2013\/12\/last-dance-whit-diana_hajdutamas-300x216.jpg 300w\" sizes=\"auto, (max-width: 625px) 100vw, 625px\" \/><\/a><\/p>\n<p><strong>Dr. Hajdu Tam\u00e1s<\/strong> nagyb\u00e1nyai fot\u00f3s k\u00e9peit j\u00f3 ideje szeml\u00e9lem, <a href=\"http:\/\/hajdutamas.blogspot.ro\/\"><strong>blogj\u00e1r\u00f3l<\/strong> <\/a>el\u00e9rhet\u0151 portf\u00f3li\u00f3inak dokument\u00e1ris jelleg\u00e9t f\u00fcrk\u00e9szem.<!--more--><\/p>\n<p>Els\u0151 \u00e9s hat\u00e1rozott benyom\u00e1som vel\u00fck kapcsolatban az, hogy alkot\u00f3juk igen j\u00f3 szemmel \u00e9s \u00e9rz\u00e9kkel l\u00e1tja meg &#8211; igen sokszor makr\u00f3ban &#8211; azokat a ban\u00e1lisnak t\u0171n\u0151, de a t\u00e1lal\u00e1s r\u00e9v\u00e9n jelent\u00e9sess\u00e9 v\u00e1l\u00f3 val\u00f3s\u00e1gelemeket, melyek egy szigor\u00fa, t\u00e1volr\u00f3l sem \u00e9desk\u00e9s vil\u00e1got k\u00f6zel\u00edtenek a k\u00f6z\u00f6ns\u00e9ghez.<\/p>\n<p>K\u00e9pei k\u00f6z\u00fcl nem egy val\u00f3s d\u00f6bbenetet, megh\u00f6kken\u00e9st v\u00e1lt ki, az \u00e9letnek t\u00e1volr\u00f3l sem a napos oldal\u00e1t mutatja, pedig Hajdu Tam\u00e1s is ugyanazzal a f\u00e9ny-\u00e1rny\u00e9k adotts\u00e1ggal dolgozik, mint a r\u00e9gi\u00f3 fot\u00f3sai. Fot\u00f3ir\u00f3l hi\u00e1nyzik az \u00fcnnepl\u00e9s, a der\u0171s sug\u00e1rz\u00e1s, ann\u00e1l t\u00f6bb a felki\u00e1lt\u00f3jel.<\/p>\n<p>A kiszuper\u00e1lt bab\u00e1t a napi szem\u00e9ttel egy\u00fctt kuk\u00e1hoz cipel\u0151 polg\u00e1r k\u00e9pe, az el\u00e9rend\u0151 v\u00e9gc\u00e9l lehangolts\u00e1ga ellen\u00e9re is dinamikus, hiteles, jelent\u00e9ses. Annak a k\u00e9ptelens\u00e9gnek ad hangot, hogy az ember mindegyre megszabadulna kacatjait\u00f3l, ballasztjait\u00f3l, de ezzel csak m\u00e9g ink\u00e1bb bebetonozza azokat a viszonyokat, amelyek k\u00f6z\u00f6tt l\u00e1that\u00f3an nem \u00e9rzi j\u00f3l mag\u00e1t. Az elhordott szem\u00e9t \u00faj helyre ker\u00fcl, ahol meggy\u0171l \u00e9s r\u00e1telepszik a l\u00e1that\u00e1rra, a v\u00e1rosi \u00e9let imbolyg\u00f3 horizontj\u00e1ra.<\/p>\n<p>Kem\u00e9ny, j\u00f3l elkapott k\u00e9p; kis t\u00fcrelemmel m\u00e9g tal\u00e1lni hasonl\u00f3t dr. Hajdu 2006-t\u00f3l keltezett gy\u0171jtem\u00e9nyeiben.<\/p>\n<p style=\"text-align: right;\"><em><strong>Cseke G\u00e1bor<\/strong><\/em><\/p>\n<p>Forr\u00e1s: <a href=\"http:\/\/fototanu.blogspot.ro\/\"><em>Fot\u00f3tan\u00fa<\/em><\/a><\/p>\n","protected":false},"excerpt":{"rendered":"<p>Dr. Hajdu Tam\u00e1s nagyb\u00e1nyai fot\u00f3s k\u00e9peit j\u00f3 ideje szeml\u00e9lem, blogj\u00e1r\u00f3l el\u00e9rhet\u0151 portf\u00f3li\u00f3inak dokument\u00e1ris jelleg\u00e9t f\u00fcrk\u00e9szem.<\/p>\n","protected":false},"author":3,"featured_media":0,"comment_status":"open","ping_status":"open","sticky":false,"template":"","format":"standard","meta":{"_monsterinsights_skip_tracking":false,"_monsterinsights_sitenote_active":false,"_monsterinsights_sitenote_note":"","_monsterinsights_sitenote_category":0,"ngg_post_thumbnail":0,"footnotes":""},"categories":[5],"tags":[],"class_list":["post-28023","post","type-post","status-publish","format-standard","hentry","category-foto"],"_links":{"self":[{"href":"https:\/\/ujkafe.website\/index.php?rest_route=\/wp\/v2\/posts\/28023","targetHints":{"allow":["GET"]}}],"collection":[{"href":"https:\/\/ujkafe.website\/index.php?rest_route=\/wp\/v2\/posts"}],"about":[{"href":"https:\/\/ujkafe.website\/index.php?rest_route=\/wp\/v2\/types\/post"}],"author":[{"embeddable":true,"href":"https:\/\/ujkafe.website\/index.php?rest_route=\/wp\/v2\/users\/3"}],"replies":[{"embeddable":true,"href":"https:\/\/ujkafe.website\/index.php?rest_route=%2Fwp%2Fv2%2Fcomments&post=28023"}],"version-history":[{"count":0,"href":"https:\/\/ujkafe.website\/index.php?rest_route=\/wp\/v2\/posts\/28023\/revisions"}],"wp:attachment":[{"href":"https:\/\/ujkafe.website\/index.php?rest_route=%2Fwp%2Fv2%2Fmedia&parent=28023"}],"wp:term":[{"taxonomy":"category","embeddable":true,"href":"https:\/\/ujkafe.website\/index.php?rest_route=%2Fwp%2Fv2%2Fcategories&post=28023"},{"taxonomy":"post_tag","embeddable":true,"href":"https:\/\/ujkafe.website\/index.php?rest_route=%2Fwp%2Fv2%2Ftags&post=28023"}],"curies":[{"name":"wp","href":"https:\/\/api.w.org\/{rel}","templated":true}]}}