
{"id":28080,"date":"2013-12-31T15:47:45","date_gmt":"2013-12-31T15:47:45","guid":{"rendered":"https:\/\/ujkafe.website\/?p=28080"},"modified":"2014-01-01T16:22:19","modified_gmt":"2014-01-01T16:22:19","slug":"keszthelyi-gyorgy-oevi-madar","status":"publish","type":"post","link":"https:\/\/ujkafe.website\/?p=28080","title":{"rendered":"Keszthelyi Gy\u00f6rgy: \u00d3\u00e9vi mad\u00e1r"},"content":{"rendered":"<p>M\u00e9gis csak \u00f3\u00e9vi mad\u00e1r maradok,<br \/>\nr\u00e9gi kar\u00f3r\u00e1m a r\u00e9gi asztalon,<!--more--><br \/>\nlent \u00e1snak, odafent k\u00e9k v\u00e1sznat sz\u0151nek,<br \/>\nh\u00e1ny n\u00e9v- \u00e9s hangsor, ezen k\u00edv\u00fcl<br \/>\nh\u00e1ny k\u00fcls\u0151 munkat\u00e1rs.<br \/>\nCsod\u00e1ra v\u00e1runk.<br \/>\nBizony.<\/p>\n<p>\u00c9p\u00fclj\u00f6n m\u00e9g t\u00f6bb h\u00edd \u00e9s l\u00e9pcs\u0151h\u00e1z,<br \/>\nelh\u00faz a varj\u00fa a tet\u0151k felett.<br \/>\nL\u00e1tj\u00e1tok? \u00d6r\u00f6kk\u00e9 mozog a f\u00f6ld,<br \/>\nreum\u00e1san \u00e9s meztelen\u00fcl.<br \/>\nD\u00f6nt\u00f6tt a b\u00edr\u00f3s\u00e1g:<br \/>\nB\u0171n\u00f6s a l\u00f3l\u00e1b.<br \/>\nKil\u00f3g.<\/p>\n<p>Hangok \u00e9rkeznek, ajt\u00f3k csap\u00f3dnak,<br \/>\nny\u00edlnak, csuk\u00f3dnak, kigy\u00falnak a l\u00e1mp\u00e1k,<br \/>\nmegvil\u00e1gosodnak az elhagyott termek,<br \/>\nj\u00f6nnek-mennek lovak \u00e9s emberek,<br \/>\nnem fontos az, hogy ki merre tart,<br \/>\naz sem sz\u00e1m\u00edt, hogy milyen a forma,<br \/>\nfordul id\u0151nk\u00e9nt a sokf\u00e9le kocka.<br \/>\nCseng\u0151 \u00e9s bong\u00f3<br \/>\nId\u0151k.<\/p>\n<p><em>2013. december 31.<\/em><\/p>\n<div id=\"attachment_28119\" style=\"width: 639px\" class=\"wp-caption alignnone\"><a href=\"https:\/\/ujkafe.website\/wp-content\/uploads\/2013\/12\/Eml\u00e9kez\u00e9s2.jpg\"><img loading=\"lazy\" decoding=\"async\" aria-describedby=\"caption-attachment-28119\" class=\"size-full wp-image-28119\" alt=\"Eml\u00e9kez\u00e9s2\" src=\"https:\/\/ujkafe.website\/wp-content\/uploads\/2013\/12\/Eml\u00e9kez\u00e9s2.jpg\" width=\"629\" height=\"421\" srcset=\"https:\/\/ujkafe.website\/wp-content\/uploads\/2013\/12\/Eml\u00e9kez\u00e9s2.jpg 629w, https:\/\/ujkafe.website\/wp-content\/uploads\/2013\/12\/Eml\u00e9kez\u00e9s2-300x200.jpg 300w\" sizes=\"auto, (max-width: 629px) 100vw, 629px\" \/><\/a><p id=\"caption-attachment-28119\" class=\"wp-caption-text\">Eml\u00e9kez\u00e9s \/ B. Tomos Hajnal fot\u00f3ja<\/p><\/div>\n","protected":false},"excerpt":{"rendered":"<p>M\u00e9gis csak \u00f3\u00e9vi mad\u00e1r maradok, r\u00e9gi kar\u00f3r\u00e1m a r\u00e9gi asztalon,<\/p>\n","protected":false},"author":3,"featured_media":0,"comment_status":"open","ping_status":"open","sticky":false,"template":"","format":"standard","meta":{"_monsterinsights_skip_tracking":false,"_monsterinsights_sitenote_active":false,"_monsterinsights_sitenote_note":"","_monsterinsights_sitenote_category":0,"ngg_post_thumbnail":0,"footnotes":""},"categories":[5,4],"tags":[],"class_list":["post-28080","post","type-post","status-publish","format-standard","hentry","category-foto","category-vers"],"_links":{"self":[{"href":"https:\/\/ujkafe.website\/index.php?rest_route=\/wp\/v2\/posts\/28080","targetHints":{"allow":["GET"]}}],"collection":[{"href":"https:\/\/ujkafe.website\/index.php?rest_route=\/wp\/v2\/posts"}],"about":[{"href":"https:\/\/ujkafe.website\/index.php?rest_route=\/wp\/v2\/types\/post"}],"author":[{"embeddable":true,"href":"https:\/\/ujkafe.website\/index.php?rest_route=\/wp\/v2\/users\/3"}],"replies":[{"embeddable":true,"href":"https:\/\/ujkafe.website\/index.php?rest_route=%2Fwp%2Fv2%2Fcomments&post=28080"}],"version-history":[{"count":0,"href":"https:\/\/ujkafe.website\/index.php?rest_route=\/wp\/v2\/posts\/28080\/revisions"}],"wp:attachment":[{"href":"https:\/\/ujkafe.website\/index.php?rest_route=%2Fwp%2Fv2%2Fmedia&parent=28080"}],"wp:term":[{"taxonomy":"category","embeddable":true,"href":"https:\/\/ujkafe.website\/index.php?rest_route=%2Fwp%2Fv2%2Fcategories&post=28080"},{"taxonomy":"post_tag","embeddable":true,"href":"https:\/\/ujkafe.website\/index.php?rest_route=%2Fwp%2Fv2%2Ftags&post=28080"}],"curies":[{"name":"wp","href":"https:\/\/api.w.org\/{rel}","templated":true}]}}