
{"id":28126,"date":"2014-01-02T07:36:16","date_gmt":"2014-01-02T07:36:16","guid":{"rendered":"https:\/\/ujkafe.website\/?p=28126"},"modified":"2014-01-02T07:36:16","modified_gmt":"2014-01-02T07:36:16","slug":"idilli-elmulas","status":"publish","type":"post","link":"https:\/\/ujkafe.website\/?p=28126","title":{"rendered":"Idilli elm\u00fal\u00e1s"},"content":{"rendered":"<div id=\"attachment_28130\" style=\"width: 627px\" class=\"wp-caption alignnone\"><a href=\"https:\/\/ujkafe.website\/wp-content\/uploads\/2014\/01\/malomkerek_fototanu.jpg\"><img loading=\"lazy\" decoding=\"async\" aria-describedby=\"caption-attachment-28130\" class=\" wp-image-28130\" alt=\"malomkerek_fototanu\" src=\"https:\/\/ujkafe.website\/wp-content\/uploads\/2014\/01\/malomkerek_fototanu.jpg\" width=\"617\" height=\"414\" srcset=\"https:\/\/ujkafe.website\/wp-content\/uploads\/2014\/01\/malomkerek_fototanu.jpg 1028w, https:\/\/ujkafe.website\/wp-content\/uploads\/2014\/01\/malomkerek_fototanu-300x201.jpg 300w, https:\/\/ujkafe.website\/wp-content\/uploads\/2014\/01\/malomkerek_fototanu-1024x687.jpg 1024w\" sizes=\"auto, (max-width: 617px) 100vw, 617px\" \/><\/a><p id=\"caption-attachment-28130\" class=\"wp-caption-text\">\u00c1d\u00e1m Gyula fot\u00f3ja<\/p><\/div>\n<p>Ezen a k\u00e9pen l\u00e1tsz\u00f3lag minden \u00f6ssze van zavarva: sz\u00e9ps\u00e9g, szeg\u00e9nys\u00e9g, szomor\u00fas\u00e1g, elm\u00fal\u00e1s.<\/p>\n<p><!--more--><\/p>\n<p>\u00c9s m\u00e9gis, ez a k\u00e9p a megmarad\u00e1s gy\u0151zelm\u00e9r\u0151l sz\u00f3l. Arr\u00f3l, hogy mindennek helye van a nap alatt. A csorba ed\u00e9nynek, a zom\u00e1nca vedlett l\u00e1bosnak, a kiszuper\u00e1lt malomk\u0151nek, a f\u00f6ldre hullott, kihajtott n\u00f6v\u00e9nymagnak, a roskadoz\u00f3, sz\u00faette deszkapolcnak&#8230;<\/p>\n<p><strong>\u00c1d\u00e1m Gyula<\/strong> &#8222;idilli elm\u00fal\u00e1sa&#8221; tulajdonk\u00e9ppen 2008 \u0151sz\u00e9n vonult be a nyilv\u00e1noss\u00e1gba, amikor is k\u00f6z\u00f6s er\u0151vel \u00e9s nagy lelkesed\u00e9ssel megszerkesztett\u00fck Sz\u00e9kelyf\u00f6ldi v\u00edzikerekek nyom\u00e1ban (HMKK\/Pro-print K\u00f6nyvkiad\u00f3, Cs\u00edkszereda) c\u00edm\u0171 m\u0171v\u00e9szalbum\u00e1t <strong>(<a href=\"https:\/\/picasaweb.google.com\/csg.fuzesi2\/SzekelyfoldiVizikerekekNyomabanAdamGyulaAlbumabol?authkey=Gv1sRgCOjnzOHq1ZTeGg#\">itt l\u00e1that\u00f3 egy b\u0151 v\u00e1logat\u00e1s az album k\u00e9peib\u0151l<\/a><\/strong>), amely azt\u00e1n hamarosan el is nyerte a XIV. Marosv\u00e1s\u00e1rhelyi Nemzetk\u00f6zi K\u00f6nyvv\u00e1s\u00e1r tavalyi Legszebb k\u00f6nyv d\u00edj\u00e1t.<\/p>\n<p>&#8230;Az album az\u00f3ta osztatlan szakmai sikert aratott idehaza \u00e9s k\u00fclf\u00f6ld\u00f6n is, mindenek el\u0151tt dokument\u00e1ris h\u0171s\u00e9gbe oltott m\u0171v\u00e9szi l\u00e1t\u00e1sm\u00f3dja \u00e1ltal. Az\u00e1ltal, hogy bemutatja ugyan a roml\u00e1st, a hanyatl\u00e1st, a m\u00e1r-m\u00e1r visszaford\u00edthatatlan pusztul\u00e1st, amit m\u00faltunk eme ipari kult\u00far\u00e9p\u00edtm\u00e9nyeinek &#8211; a malmok, v\u00edzikerekek &#8211; elt\u0171n\u00e9s\u00e9ben tapasztalt a mindenre k\u00edv\u00e1ncsi objekt\u00edv, de ezt annyi szeretettel \u00e9s term\u00e9szetess\u00e9ggel teszi, hogy a sirat\u00f3 \u00edgy nem v\u00e1lik olcs\u00f3 sir\u00e1nkoz\u00e1ss\u00e1, a szomor\u00fas\u00e1gb\u00f3l nem tehetetlens\u00e9g \u00e9s letargia lesz, hanem j\u00f3zan m\u00e9rlegel\u00e9s \u00e9s felismer\u00e9s, szemben\u00e9z\u00e9s \u00e9s meg\u00e9rt\u00e9s: tan\u00fas\u00e1g a n\u00e9gyzeten&#8230;<\/p>\n<p>Ma is borzongat\u00f3 \u00f6r\u00f6mmel t\u00f6lt el a gondolat, hogy n\u00e9mi k\u00f6z\u00f6m lehetett e k\u00f6nyv l\u00e9trej\u00f6tt\u00e9hez.<\/p>\n<p style=\"text-align: right;\"><em><strong>Cseke G\u00e1bor<\/strong><\/em><\/p>\n<p>Forr\u00e1s: <a href=\"http:\/\/fototanu.blogspot.ro\/\"><em>Fot\u00f3tan\u00fa<\/em><\/a><\/p>\n","protected":false},"excerpt":{"rendered":"<p>Ezen a k\u00e9pen l\u00e1tsz\u00f3lag minden \u00f6ssze van zavarva: sz\u00e9ps\u00e9g, szeg\u00e9nys\u00e9g, szomor\u00fas\u00e1g, elm\u00fal\u00e1s.<\/p>\n","protected":false},"author":3,"featured_media":0,"comment_status":"open","ping_status":"open","sticky":false,"template":"","format":"standard","meta":{"_monsterinsights_skip_tracking":false,"_monsterinsights_sitenote_active":false,"_monsterinsights_sitenote_note":"","_monsterinsights_sitenote_category":0,"ngg_post_thumbnail":0,"footnotes":""},"categories":[5],"tags":[],"class_list":["post-28126","post","type-post","status-publish","format-standard","hentry","category-foto"],"_links":{"self":[{"href":"https:\/\/ujkafe.website\/index.php?rest_route=\/wp\/v2\/posts\/28126","targetHints":{"allow":["GET"]}}],"collection":[{"href":"https:\/\/ujkafe.website\/index.php?rest_route=\/wp\/v2\/posts"}],"about":[{"href":"https:\/\/ujkafe.website\/index.php?rest_route=\/wp\/v2\/types\/post"}],"author":[{"embeddable":true,"href":"https:\/\/ujkafe.website\/index.php?rest_route=\/wp\/v2\/users\/3"}],"replies":[{"embeddable":true,"href":"https:\/\/ujkafe.website\/index.php?rest_route=%2Fwp%2Fv2%2Fcomments&post=28126"}],"version-history":[{"count":0,"href":"https:\/\/ujkafe.website\/index.php?rest_route=\/wp\/v2\/posts\/28126\/revisions"}],"wp:attachment":[{"href":"https:\/\/ujkafe.website\/index.php?rest_route=%2Fwp%2Fv2%2Fmedia&parent=28126"}],"wp:term":[{"taxonomy":"category","embeddable":true,"href":"https:\/\/ujkafe.website\/index.php?rest_route=%2Fwp%2Fv2%2Fcategories&post=28126"},{"taxonomy":"post_tag","embeddable":true,"href":"https:\/\/ujkafe.website\/index.php?rest_route=%2Fwp%2Fv2%2Ftags&post=28126"}],"curies":[{"name":"wp","href":"https:\/\/api.w.org\/{rel}","templated":true}]}}